{"id":9742,"date":"2019-04-30T08:32:30","date_gmt":"2019-04-30T13:32:30","guid":{"rendered":"http:\/\/www.moelleepiniere.com\/?p=9742"},"modified":"2019-04-30T08:32:52","modified_gmt":"2019-04-30T13:32:52","slug":"lancement-des-journees-quebecoises-des-lesions-medullaires-2019","status":"publish","type":"post","link":"https:\/\/www.moelleepiniere.com\/en\/2019\/04\/lancement-des-journees-quebecoises-des-lesions-medullaires-2019\/","title":{"rendered":"Lancement des Journ\u00e9es qu\u00e9b\u00e9coises des l\u00e9sions m\u00e9dullaires 2019"},"content":{"rendered":"<p>Montr\u00e9al, le 30 avril 2019 \u2013 <strong>Moelle \u00e9pini\u00e8re et motricit\u00e9 Qu\u00e9bec<\/strong> (M\u00c9MO-Qc) est heureuse d\u2019annoncer le retour des <em>Journ\u00e9es qu\u00e9b\u00e9coises des l\u00e9sions m\u00e9dullaires (JQLM)<\/em> du <strong>1<sup>er<\/sup> au 11 mai 2019<\/strong>. La quatri\u00e8me \u00e9dition de cet \u00e9v\u00e9nement se d\u00e9roulera sous le th\u00e8me \u00ab La vie au-del\u00e0 du handicap \u00bb.<\/p>\n<p>Avec le th\u00e8me de cette ann\u00e9e, M\u00c9MO-Qc souhaite c\u00e9l\u00e9brer le quotidien des personnes vivant avec une l\u00e9sion \u00e0 la moelle \u00e9pini\u00e8re, en mettant l\u2019accent sur leurs activit\u00e9s personnelles, familiales, professionnelles, culturelles et r\u00e9cr\u00e9atives, au-del\u00e0 de leur limitation. M\u00c9MO-Qc est de plus heureuse de pr\u00e9senter une quatri\u00e8me <strong>Soir\u00e9e sur roues<\/strong>, qui se d\u00e9roulera cette fois <strong>\u00e0 Montr\u00e9al le 9 mai.<\/strong> Cette soir\u00e9e, sous forme de cocktail dinatoire, a connu un vif succ\u00e8s lors des \u00e9ditions pr\u00e9c\u00e9dentes, en sensibilisant de fa\u00e7on ludique les gens \u00e0 la r\u00e9alit\u00e9 des personnes vivant en fauteuil roulant. Aussi, un deuxi\u00e8me <strong>Salon des innovations technologiques <\/strong>se tiendra cette ann\u00e9e \u00e0 Qu\u00e9bec le <strong>11 mai<\/strong>. Comme pour la premi\u00e8re \u00e9dition qui s\u2019\u00e9tait tenue \u00e0 Montr\u00e9al en 2017, ce sera l\u2019occasion pour le grand public de d\u00e9couvrir les plus r\u00e9centes innovations technologiques sp\u00e9cialement con\u00e7ues pour des personnes l\u00e9s\u00e9es m\u00e9dullaires ou avec d\u2019autres limitations physiques.<\/p>\n<p>En plus de ces deux \u00e9v\u00e9nements d\u2019envergure, la programmation des JQLM 2019 comprend \u00e9galement d\u2019autres activit\u00e9s en <strong>Abitibi-T\u00e9miscamingue<\/strong>, dans la <strong>Capitale-Nationale<\/strong>, dans <strong>Chaudi\u00e8re-Appalaches<\/strong>, en <strong>Estrie<\/strong>, \u00e0 <strong>Laval<\/strong>, dans <strong>Lanaudi\u00e8re<\/strong>, en <strong>Mont\u00e9r\u00e9gie<\/strong>, \u00e0 <strong>Montr\u00e9al<\/strong>, en <strong>Outaouais<\/strong> et au <strong>Saguenay-Lac-Saint-Jean<\/strong> ainsi qu\u2019une webconf\u00e9rence sur les avanc\u00e9es de la recherche sur les l\u00e9sions m\u00e9dullaire qui sera mise en ligne le 3 mai. Lanc\u00e9es en 2015, les JQLM ont pour but de favoriser l\u2019int\u00e9gration des personnes vivant avec un handicap en d\u00e9montrant leur capacit\u00e9 \u00e0 mener des vies actives riches en accomplissements.\u00a0 Pour plus de d\u00e9tails, consultez notre <a href=\"http:\/\/www.moelleepiniere.com\/wp-content\/uploads\/2019\/04\/Programmation-JQLM-2019-1.pdf\">programmation<\/a>. La tenue des JQLM 2019 n\u2019aurait pas \u00e9t\u00e9 possible sans la participation financi\u00e8re du minist\u00e8re de la Sant\u00e9 et des Services sociaux du Qu\u00e9bec, de Hollister, Coloplast et Kinova.<\/p>\n<p><a href=\"http:\/\/www.moelleepiniere.com\/wp-content\/uploads\/2019\/04\/Programmation-JQLM-2019-1.pdf\"><img loading=\"lazy\" class=\"alignnone wp-image-9649 aligncenter\" src=\"http:\/\/www.moelleepiniere.com\/wp-content\/uploads\/2019\/04\/programmation-couverture.jpg\" alt=\"\" width=\"355\" height=\"535\" srcset=\"https:\/\/www.moelleepiniere.com\/wp-content\/uploads\/2019\/04\/programmation-couverture.jpg 584w, https:\/\/www.moelleepiniere.com\/wp-content\/uploads\/2019\/04\/programmation-couverture-100x150.jpg 100w, https:\/\/www.moelleepiniere.com\/wp-content\/uploads\/2019\/04\/programmation-couverture-332x500.jpg 332w\" sizes=\"(max-width: 355px) 100vw, 355px\" \/><\/a><\/p>\n<p>\u2013 30 \u2013<\/p>\n<p>&nbsp;<\/p>\n<p><strong>Source\u00a0:<\/strong><br \/>\nDominic Dagenais, agent de communication, M\u00c9MO-Qc, <a href=\"mailto:ddagenais@moelleepiniere.com\">ddagenais@moelleepiniere.com<\/a>, T\u00e9l\u00a0: 514\u00a0341-7272 poste 229<\/p>\n<p><strong>Renseignements\u00a0: <\/strong><\/p>\n<p>Rita Hanitramalala, agente de d\u00e9veloppement, M\u00c9MO-Qc, <a href=\"mailto:rhanitramalala@moelleepiniere.com\">rhanitramalala@moelleepiniere.com<\/a>, T\u00e9l.\u00a0: 514\u00a0341-7272, poste 227<\/p>\n","protected":false},"excerpt":{"rendered":"<p>Montr\u00e9al, le 30 avril 2019 \u2013 Moelle \u00e9pini\u00e8re et motricit\u00e9 Qu\u00e9bec (M\u00c9MO-Qc) est heureuse d\u2019annoncer le retour des Journ\u00e9es qu\u00e9b\u00e9coises<\/p>\n","protected":false},"author":7400,"featured_media":0,"comment_status":"closed","ping_status":"open","sticky":false,"template":"","format":"standard","meta":{"_monsterinsights_skip_tracking":false,"_monsterinsights_sitenote_active":false,"_monsterinsights_sitenote_note":"","_monsterinsights_sitenote_category":0},"categories":[34],"tags":[],"_links":{"self":[{"href":"https:\/\/www.moelleepiniere.com\/en\/wp-json\/wp\/v2\/posts\/9742"}],"collection":[{"href":"https:\/\/www.moelleepiniere.com\/en\/wp-json\/wp\/v2\/posts"}],"about":[{"href":"https:\/\/www.moelleepiniere.com\/en\/wp-json\/wp\/v2\/types\/post"}],"author":[{"embeddable":true,"href":"https:\/\/www.moelleepiniere.com\/en\/wp-json\/wp\/v2\/users\/7400"}],"replies":[{"embeddable":true,"href":"https:\/\/www.moelleepiniere.com\/en\/wp-json\/wp\/v2\/comments?post=9742"}],"version-history":[{"count":2,"href":"https:\/\/www.moelleepiniere.com\/en\/wp-json\/wp\/v2\/posts\/9742\/revisions"}],"predecessor-version":[{"id":9744,"href":"https:\/\/www.moelleepiniere.com\/en\/wp-json\/wp\/v2\/posts\/9742\/revisions\/9744"}],"wp:attachment":[{"href":"https:\/\/www.moelleepiniere.com\/en\/wp-json\/wp\/v2\/media?parent=9742"}],"wp:term":[{"taxonomy":"category","embeddable":true,"href":"https:\/\/www.moelleepiniere.com\/en\/wp-json\/wp\/v2\/categories?post=9742"},{"taxonomy":"post_tag","embeddable":true,"href":"https:\/\/www.moelleepiniere.com\/en\/wp-json\/wp\/v2\/tags?post=9742"}],"curies":[{"name":"wp","href":"https:\/\/api.w.org\/{rel}","templated":true}]}}