{"id":18561,"date":"2025-09-22T15:47:54","date_gmt":"2025-09-22T20:47:54","guid":{"rendered":"https:\/\/www.moelleepiniere.com\/?p=18561"},"modified":"2025-09-22T15:47:56","modified_gmt":"2025-09-22T20:47:56","slug":"9e-edition-des-jqlm-les-journees-quebecoises-des-lesions-medullaires-du-22-au-28-septembre-2025","status":"publish","type":"post","link":"https:\/\/www.moelleepiniere.com\/en\/2025\/09\/9e-edition-des-jqlm-les-journees-quebecoises-des-lesions-medullaires-du-22-au-28-septembre-2025\/","title":{"rendered":"9e \u00e9dition des JQLM, les Journ\u00e9es qu\u00e9b\u00e9coises des l\u00e9sions m\u00e9dullaires, du 22 au 28 septembre 2025"},"content":{"rendered":"\n<p>COMMUNIQU\u00c9<\/p>\n\n\n\n<p>MONTR\u00c9AL, le 22 septembre 2025<em> &#8211;<\/em> Moelle \u00e9pini\u00e8re et motricit\u00e9 Qu\u00e9bec d\u00e9bute aujourd\u2019hui sa 9<sup>e<\/sup>&nbsp;\u00e9dition des Journ\u00e9es qu\u00e9b\u00e9coises des l\u00e9sions m\u00e9dullaires &#8211; les JQLM &#8211; qui auront lieu toute la semaine, jusqu\u2019au dimanche 28 septembre.<\/p>\n\n\n\n<p>Les JQLM ont pour objectif de mieux faire conna\u00eetre les activit\u00e9s et les services offerts aux personnes ayant une l\u00e9sion \u00e0 la moelle \u00e9pini\u00e8re ou un autre type de limitation physique ou neurologique. Elles veulent aussi sensibiliser et informer le public et les d\u00e9cideurs sur les difficult\u00e9s, les r\u00e9ussites et les enjeux que vivent les personnes ayant une l\u00e9sion \u00e0 la moelle \u00e9pini\u00e8re. Elles permettent \u00e9galement aux personnes concern\u00e9es par les l\u00e9sions m\u00e9dullaires de se rassembler, d\u2019\u00e9changer et de r\u00e9fl\u00e9chir sur des sujets qui rejoignent leurs pr\u00e9occupations. Le tout, dans le but de favoriser l\u2019autonomie, la qualit\u00e9 de vie, l\u2019int\u00e9gration et l\u2019inclusion sociale des personnes en situation de handicap.<\/p>\n\n\n\n<p>\u00c0 travers des conf\u00e9rences th\u00e9matiques, des \u00e9changes, des d\u00e9bats et des sorties partout au Qu\u00e9bec, notre programmation offre cette ann\u00e9e 14 activit\u00e9s qui visent \u00e0 informer un large public des sujets qui pr\u00e9occupent nos membres aujourd\u2019hui.<\/p>\n\n\n\n<p>L\u2019\u00e9v\u00e9nement phare des JQLM sera la d\u00e9sormais traditionnelle Soir\u00e9e sur roues qui aura lieu cette ann\u00e9e au Centre de r\u00e9adaptation Lucie-Bruneau \u00e0 Montr\u00e9al et qui sera pr\u00e9sent\u00e9e par Hollister. La soir\u00e9e aura lieu le jeudi 25 septembre, de 17h \u00e0 20h30. Elle affiche d\u00e9j\u00e0 complet mais il est toujours possible de s\u2019inscrire sur notre liste d\u2019attente. Elle sera anim\u00e9e par P\u00e9n\u00e9lope McQuade et \u00c9manuelle Robitaille. Durant la soir\u00e9e, tous les participants se verront proposer une exp\u00e9rience immersive en fauteuil roulant qui vise \u00e0 sensibiliser chacun et chacune aux r\u00e9alit\u00e9s des personnes ayant une limitation motrice.<\/p>\n\n\n\n<p>Voici les autres points forts de la semaine&nbsp;:<\/p>\n\n\n\n<ul><li>Webinaire&nbsp;: \u00c9lections provinciales 2026&nbsp;: qu\u2019attendent les personnes en situation de handicap des partis politiques?<\/li><\/ul>\n\n\n\n<p><em>Lundi 22 septembre de 13h30 \u00e0 15h<\/em><\/p>\n\n\n\n<ul><li>Webinaire&nbsp;: Des recherches qui changent des vies&nbsp;: \u00e0 la rencontre des chercheurs et de la communaut\u00e9 des personnes handicap\u00e9es \u2013 3<sup>e<\/sup> \u00e9dition<\/li><\/ul>\n\n\n\n<p><em>Mardi 23 septembre de 13h \u00e0 14h30<\/em><\/p>\n\n\n\n<ul><li>Groupe d\u2019\u00e9change virtuel&nbsp;: Prot\u00e9gez vos arri\u00e8res, sauvez votre peau&nbsp;: des professionnels r\u00e9pondent \u00e0 vos petites et grandes questions sur les plaies de pression<\/li><\/ul>\n\n\n\n<p><em>Mercredi 24 septembre de 12h \u00e0 13h30<\/em><\/p>\n\n\n\n<ul><li>Webinaire&nbsp;: Parent, travail et handicap&nbsp;: traverser les enjeux de la conciliation<\/li><\/ul>\n\n\n\n<p><em>Jeudi 25 septembre de 12h \u00e0 13h30<\/em><\/p>\n\n\n\n<ul><li>Groupe d\u2019\u00e9change interactif&nbsp;: Mille et une astuces pour composer avec une limitation motrice au quotidien<\/li><\/ul>\n\n\n\n<p><em>Vendredi 26 septembre de 13h30 \u00e0 15h<\/em><\/p>\n\n\n\n<p>Vous trouverez la programmation compl\u00e8te sur notre site internet: <\/p>\n\n\n\n<p><a href=\"https:\/\/www.moelleepiniere.com\/journees-quebecoises-des-lesions-medullaires-jqlm\/\">www.moelleepiniere.com\/journees-quebecoises-des-lesions-medullaires-jqlm\/<\/a><\/p>\n\n\n\n<p>La tenue des JQLM 2025 n\u2019aurait pas \u00e9t\u00e9 possible sans la participation financi\u00e8re du gouvernement du Qu\u00e9bec, de la Fondation Martin-Matte, commanditaire officiel de cette 9<sup>e<\/sup>&nbsp;\u00e9dition, d\u2019Hollister, Coloplast, Desjardins, Kinova, Moove, TrackZ, TVR et Atlas Medic.<\/p>\n\n\n\n<p><em>M\u00c9MO-Qc est une association provinciale qui agit avec ses membres et de nombreux partenaires pour faire la promotion et la d\u00e9fense de droits individuels et collectifs. Elle travaille \u00e0 l\u2019int\u00e9gration sociale, au d\u00e9veloppement de l\u2019autonomie et \u00e0 l\u2019am\u00e9lioration de la qualit\u00e9 de vie des personnes en situation de handicap, particuli\u00e8rement les l\u00e9s\u00e9s m\u00e9dullaires et ce, depuis 1946. En plus du soutien \u00e0 la recherche, son action vise \u00e9galement le d\u00e9veloppement de l\u2019employabilit\u00e9 des personnes ayant des limitations physiques et neurologiques.<\/em><\/p>\n\n\n\n<p><a href=\"http:\/\/www.moelleepiniere.com\"><em>www.moelleepiniere.com<\/em><\/a><em><\/em><\/p>\n\n\n\n<p>Contacts et informations&nbsp;:<\/p>\n\n\n\n<p>Vanessa-Anne Par\u00e9, coordonnatrice du service d\u2019int\u00e9gration sociale et organisatrice communautaire : <a href=\"mailto:vpare@moelleepiniere.com\">vpare@moelleepiniere.com<\/a> \/ 514-341-7272 poste 233.<\/p>\n\n\n\n<p>Jenn Pechberty, organisatrice communautaire dans les r\u00e9gions de Montr\u00e9al et de l\u2019Ouest du Qu\u00e9bec: <a href=\"mailto:JPechberty@moelleepiniere.com\">JPechberty@moelleepiniere.com<\/a> \/ 514-341-7272 poste 239.<\/p>\n","protected":false},"excerpt":{"rendered":"<p>COMMUNIQU\u00c9 MONTR\u00c9AL, le 22 septembre 2025 &#8211; Moelle \u00e9pini\u00e8re et motricit\u00e9 Qu\u00e9bec d\u00e9bute aujourd\u2019hui sa 9e&nbsp;\u00e9dition des Journ\u00e9es qu\u00e9b\u00e9coises des<\/p>\n","protected":false},"author":7407,"featured_media":0,"comment_status":"closed","ping_status":"open","sticky":false,"template":"","format":"standard","meta":{"_monsterinsights_skip_tracking":false,"_monsterinsights_sitenote_active":false,"_monsterinsights_sitenote_note":"","_monsterinsights_sitenote_category":0},"categories":[34],"tags":[],"_links":{"self":[{"href":"https:\/\/www.moelleepiniere.com\/en\/wp-json\/wp\/v2\/posts\/18561"}],"collection":[{"href":"https:\/\/www.moelleepiniere.com\/en\/wp-json\/wp\/v2\/posts"}],"about":[{"href":"https:\/\/www.moelleepiniere.com\/en\/wp-json\/wp\/v2\/types\/post"}],"author":[{"embeddable":true,"href":"https:\/\/www.moelleepiniere.com\/en\/wp-json\/wp\/v2\/users\/7407"}],"replies":[{"embeddable":true,"href":"https:\/\/www.moelleepiniere.com\/en\/wp-json\/wp\/v2\/comments?post=18561"}],"version-history":[{"count":1,"href":"https:\/\/www.moelleepiniere.com\/en\/wp-json\/wp\/v2\/posts\/18561\/revisions"}],"predecessor-version":[{"id":18562,"href":"https:\/\/www.moelleepiniere.com\/en\/wp-json\/wp\/v2\/posts\/18561\/revisions\/18562"}],"wp:attachment":[{"href":"https:\/\/www.moelleepiniere.com\/en\/wp-json\/wp\/v2\/media?parent=18561"}],"wp:term":[{"taxonomy":"category","embeddable":true,"href":"https:\/\/www.moelleepiniere.com\/en\/wp-json\/wp\/v2\/categories?post=18561"},{"taxonomy":"post_tag","embeddable":true,"href":"https:\/\/www.moelleepiniere.com\/en\/wp-json\/wp\/v2\/tags?post=18561"}],"curies":[{"name":"wp","href":"https:\/\/api.w.org\/{rel}","templated":true}]}}