{"id":18520,"date":"2025-08-27T10:12:28","date_gmt":"2025-08-27T15:12:28","guid":{"rendered":"https:\/\/www.moelleepiniere.com\/?p=18520"},"modified":"2025-08-27T10:12:30","modified_gmt":"2025-08-27T15:12:30","slug":"une-sherbrookoise-veut-plus-dinfrastructures-pour-les-personnes-a-mobilite-reduite-la-presse-16-aout-2025","status":"publish","type":"post","link":"https:\/\/www.moelleepiniere.com\/en\/2025\/08\/une-sherbrookoise-veut-plus-dinfrastructures-pour-les-personnes-a-mobilite-reduite-la-presse-16-aout-2025\/","title":{"rendered":"Une Sherbrookoise veut plus d&#8217;infrastructures pour les personnes \u00e0 mobilit\u00e9 r\u00e9duite (La Presse, 16 ao\u00fbt 2025)"},"content":{"rendered":"\n<figure class=\"wp-block-image size-large\"><a href=\"https:\/\/ici.radio-canada.ca\/nouvelle\/2186251\/handicape-plage-accessibilite-installation-tapis-chaise\"><img loading=\"lazy\" width=\"500\" height=\"280\" src=\"https:\/\/www.moelleepiniere.com\/wp-content\/uploads\/2025\/08\/Capture-decran-2025-08-27-110655-500x280.jpg\" alt=\"\" class=\"wp-image-18521\" srcset=\"https:\/\/www.moelleepiniere.com\/wp-content\/uploads\/2025\/08\/Capture-decran-2025-08-27-110655-500x280.jpg 500w, https:\/\/www.moelleepiniere.com\/wp-content\/uploads\/2025\/08\/Capture-decran-2025-08-27-110655-200x112.jpg 200w, https:\/\/www.moelleepiniere.com\/wp-content\/uploads\/2025\/08\/Capture-decran-2025-08-27-110655.jpg 756w\" sizes=\"(max-width: 500px) 100vw, 500px\" \/><\/a><\/figure>\n\n\n\n<p><a href=\"https:\/\/ici.radio-canada.ca\/nouvelle\/2186251\/handicape-plage-accessibilite-installation-tapis-chaise\"><strong>https:\/\/ici.radio-canada.ca\/nouvelle\/2186251\/handicape-plage-accessibilite-installation-tapis-chaise<\/strong><\/a><\/p>\n","protected":false},"excerpt":{"rendered":"<p>https:\/\/ici.radio-canada.ca\/nouvelle\/2186251\/handicape-plage-accessibilite-installation-tapis-chaise<\/p>\n","protected":false},"author":7402,"featured_media":0,"comment_status":"closed","ping_status":"open","sticky":false,"template":"","format":"standard","meta":{"_monsterinsights_skip_tracking":false,"_monsterinsights_sitenote_active":false,"_monsterinsights_sitenote_note":"","_monsterinsights_sitenote_category":0},"categories":[34],"tags":[],"_links":{"self":[{"href":"https:\/\/www.moelleepiniere.com\/en\/wp-json\/wp\/v2\/posts\/18520"}],"collection":[{"href":"https:\/\/www.moelleepiniere.com\/en\/wp-json\/wp\/v2\/posts"}],"about":[{"href":"https:\/\/www.moelleepiniere.com\/en\/wp-json\/wp\/v2\/types\/post"}],"author":[{"embeddable":true,"href":"https:\/\/www.moelleepiniere.com\/en\/wp-json\/wp\/v2\/users\/7402"}],"replies":[{"embeddable":true,"href":"https:\/\/www.moelleepiniere.com\/en\/wp-json\/wp\/v2\/comments?post=18520"}],"version-history":[{"count":1,"href":"https:\/\/www.moelleepiniere.com\/en\/wp-json\/wp\/v2\/posts\/18520\/revisions"}],"predecessor-version":[{"id":18522,"href":"https:\/\/www.moelleepiniere.com\/en\/wp-json\/wp\/v2\/posts\/18520\/revisions\/18522"}],"wp:attachment":[{"href":"https:\/\/www.moelleepiniere.com\/en\/wp-json\/wp\/v2\/media?parent=18520"}],"wp:term":[{"taxonomy":"category","embeddable":true,"href":"https:\/\/www.moelleepiniere.com\/en\/wp-json\/wp\/v2\/categories?post=18520"},{"taxonomy":"post_tag","embeddable":true,"href":"https:\/\/www.moelleepiniere.com\/en\/wp-json\/wp\/v2\/tags?post=18520"}],"curies":[{"name":"wp","href":"https:\/\/api.w.org\/{rel}","templated":true}]}}