{"id":18256,"date":"2025-05-21T09:50:07","date_gmt":"2025-05-21T14:50:07","guid":{"rendered":"https:\/\/www.moelleepiniere.com\/?p=18256"},"modified":"2025-05-21T09:52:10","modified_gmt":"2025-05-21T14:52:10","slug":"emploi-et-handicap-des-mesures-plus-contraignantes-reclamees","status":"publish","type":"post","link":"https:\/\/www.moelleepiniere.com\/en\/2025\/05\/emploi-et-handicap-des-mesures-plus-contraignantes-reclamees\/","title":{"rendered":"Emploi et handicap : Des \u00ab mesures plus contraignantes \u00bb r\u00e9clam\u00e9es"},"content":{"rendered":"\n<p><a href=\"https:\/\/www.lapresse.ca\/actualites\/2025-05-20\/emploi-et-handicap\/des-mesures-plus-contraignantes-reclamees.php\">https:\/\/www.lapresse.ca\/actualites\/2025-05-20\/emploi-et-handicap\/des-mesures-plus-contraignantes-reclamees.php<\/a><\/p>\n\n\n\n<figure class=\"wp-block-image size-large is-resized\"><img loading=\"lazy\" src=\"https:\/\/www.moelleepiniere.com\/wp-content\/uploads\/2025\/05\/mesures-travail-457x500.jpg\" alt=\"\" class=\"wp-image-18257\" width=\"596\" height=\"652\" srcset=\"https:\/\/www.moelleepiniere.com\/wp-content\/uploads\/2025\/05\/mesures-travail-457x500.jpg 457w, https:\/\/www.moelleepiniere.com\/wp-content\/uploads\/2025\/05\/mesures-travail-137x150.jpg 137w, https:\/\/www.moelleepiniere.com\/wp-content\/uploads\/2025\/05\/mesures-travail-768x840.jpg 768w, https:\/\/www.moelleepiniere.com\/wp-content\/uploads\/2025\/05\/mesures-travail.jpg 780w\" sizes=\"(max-width: 596px) 100vw, 596px\" \/><\/figure>\n\n\n\n<p><strong>Vu l\u2019insuffisance de r\u00e9sultats en mati\u00e8re d\u2019int\u00e9gration en emploi des personnes en situation de handicap ces cinquante derni\u00e8res ann\u00e9es, le gouvernement du Qu\u00e9bec doit adopter \u00ab\u00a0des mesures plus contraignantes pour les employeurs\u00a0\u00bb. <\/strong><\/p>\n\n\n\n<p><a href=\"https:\/\/www.lapresse.ca\/auteurs\/caroline-touzin\">Caroline Touzin \u00c9quipe d\u2019enqu\u00eate, La Presse<\/a><\/p>\n\n\n\n<p><em>Mardi 20 mai 2025<\/em><\/p>\n\n\n\n<p>C\u2019est ce que conclut la Commission des droits de la personne et des droits de la jeunesse apr\u00e8s avoir r\u00e9alis\u00e9 une \u00e9tude d\u2019envergure d\u00e9voil\u00e9e ce mardi \u00e0 Montr\u00e9al sur le sujet.<\/p>\n\n\n\n<p>Malgr\u00e9 des comp\u00e9tences et des qualifications recherch\u00e9es sur le march\u00e9 du travail, plus d\u2019un million de personnes en situation de handicap font face \u00e0 \u00ab&nbsp;des obstacles persistants&nbsp;\u00bb \u00e0 l\u2019embauche, \u00e0 l\u2019int\u00e9gration et au maintien en emploi, indique cette \u00e9tude.<\/p>\n\n\n\n<p>La grande majorit\u00e9 (93\u00a0%) des personnes en situation de handicap interrog\u00e9es dans le cadre de l\u2019\u00e9tude ont connu \u00ab\u00a0des trajectoires professionnelles tr\u00e8s difficiles, caract\u00e9ris\u00e9es par l\u2019instabilit\u00e9 et la pr\u00e9carit\u00e9\u00a0\u00bb. <\/p>\n\n\n\n<p>La plupart d\u2019entre elles (83&nbsp;%) ont d\u00e9clar\u00e9 avoir subi au moins une exp\u00e9rience de travail qui impliquait une forme de harc\u00e8lement li\u00e9e \u00e0 leur situation de handicap, dont des remarques humiliantes et des blagues d\u00e9gradantes.<\/p>\n\n\n\n<p>\u00c0 comp\u00e9tences \u00e9gales \u00e0 celles de leurs coll\u00e8gues sans limitations fonctionnelles, elles ont le sentiment d\u2019\u00eatre le choix de \u00ab&nbsp;dernier recours&nbsp;\u00bb des employeurs.<\/p>\n\n\n\n<p>Plusieurs dont les limitations fonctionnelles ne sont pas visibles choisissent d\u2019ailleurs de ne pas divulguer leur handicap pour maximiser leurs chances d\u2019obtenir un emploi. D\u2019autres pr\u00e9f\u00e8rent minimiser les mesures d\u2019accommodement requises. Autant de \u00ab&nbsp;strat\u00e9gies&nbsp;\u00bb qui viennent \u00ab&nbsp;\u00e9roder le lien de confiance avec l\u2019employeur&nbsp;\u00bb, observe la Commission.<\/p>\n\n\n\n<figure class=\"wp-block-image\"><img src=\"https:\/\/mobile-img.lpcdn.ca\/v2\/924x\/bdbdc1f1a1d03449a621aed6a1bede01.jpg\" alt=\"\"\/><figcaption>PHOTO PATRICK SANFA\u00c7ON, LA PRESSE Le pr\u00e9sident de la Commission des droits de la personne et des droits de la jeunesse Philippe-Andr\u00e9 Tessier (en avant-plan) aux c\u00f4t\u00e9s du chercheur Daniel Ducharme lors de la pr\u00e9sentation de l\u2019\u00e9tude \u00ab&nbsp;Les obstacles \u00e0 l\u2019embauche, \u00e0 l\u2019int\u00e9gration et au maintien en emploi de personnes en situation de handicap&nbsp;\u00bb.<\/figcaption><\/figure>\n\n\n\n<p>\u00ab&nbsp;L\u2019approche volontariste privil\u00e9gi\u00e9e par le gouvernement du Qu\u00e9bec n\u2019a pas livr\u00e9 les fruits escompt\u00e9s&nbsp;\u00bb, r\u00e9sume le pr\u00e9sident de la Commission Philippe-Andr\u00e9 Tessier, chiffres \u00e0 l\u2019appui. La Commission fait cette sortie publique \u00e0 l\u2019aube du renouvellement de la Strat\u00e9gie nationale pour l\u2019int\u00e9gration et le maintien en emploi des personnes en situation de handicap.<\/p>\n\n\n\n<p>Pour que les milieux de travail qu\u00e9b\u00e9cois puissent pr\u00e9tendre \u00e0 une juste repr\u00e9sentation des personnes en situation de handicap au sein de leurs effectifs, il faudrait qu\u2019au moins 10,5&nbsp;% des personnes \u00e0 leur emploi soient en situation de handicap.<\/p>\n\n\n\n<p>\u00ab&nbsp;Dans les 40&nbsp;derni\u00e8res ann\u00e9es, cette cible n\u2019a jamais \u00e9t\u00e9 atteinte&nbsp;\u00bb, d\u00e9plore M.&nbsp;Tessier, et ce, \u00ab&nbsp;dans tous les secteurs d\u2019emploi&nbsp;\u00bb. L\u2019appareil gouvernemental n\u2019est jamais parvenu \u00e0 atteindre l\u2019objectif de 2&nbsp;% fix\u00e9 en\u2026 1984. Dans le secteur priv\u00e9, seulement 10&nbsp;% des entreprises embauchent des personnes en situation de handicap. On parle d\u2019un maigre 7&nbsp;% dans le secteur de l\u2019\u00e9conomie sociale et de l\u2019action communautaire.<\/p>\n\n\n\n<p>M.&nbsp;Tessier fait un parall\u00e8le avec la politique de harc\u00e8lement sexuel au travail. \u00ab&nbsp;On ne tol\u00e9rerait pas comme soci\u00e9t\u00e9 que seuls 10&nbsp;% des entreprises soient assujetties \u00e0 une telle politique&nbsp;\u00bb, souligne-t-il.<\/p>\n\n\n\n<p>Le gouvernement du Qu\u00e9bec devrait adopter une approche plus contraignante pour les employeurs, en s\u2019inspirant de l\u2019Ontario et de la France o\u00f9 des sanctions financi\u00e8res sont pr\u00e9vues \u00e0 l\u2019\u00e9gard d\u2019entreprises et d\u2019organismes qui n\u2019atteignent pas une repr\u00e9sentation suffisante. \u00ab&nbsp;Le gouvernement doit agir avec plus de fermet\u00e9&nbsp;\u00bb, ajoute la vice-pr\u00e9sidente de la Commission Myrlande Pierre.<\/p>\n\n\n\n<p>Pour r\u00e9aliser l\u2019\u00e9tude, la Commission a analys\u00e9 pr\u00e8s de 700&nbsp;plaintes de discrimination fond\u00e9e sur le handicap dans le secteur du travail trait\u00e9es entre 2017 et 2024, en plus de r\u00e9aliser 114&nbsp;entretiens avec des personnes en situation de handicap.<\/p>\n\n\n\n<p>La Commission critique \u00e9galement la \u00ab&nbsp;situation inacceptable&nbsp;\u00bb de personnes qui vivent avec une d\u00e9ficience intellectuelle ou un trouble de spectre de l\u2019autisme sur les plateaux de travail. Les t\u00e2ches effectu\u00e9es dans ces structures ne sont g\u00e9n\u00e9ralement pas r\u00e9mun\u00e9r\u00e9es. Lorsqu\u2019une personne acc\u00e8de \u00e0 un tel plateau, il n\u2019existe pratiquement aucune possibilit\u00e9 pour elle d\u2019int\u00e9grer le milieu r\u00e9gulier de l\u2019emploi, par la suite. \u00ab&nbsp;\u00c7a ne devrait plus exister&nbsp;\u00bb, dit le chercheur et auteur de l\u2019\u00e9tude de la Commission Daniel Ducharme.<\/p>\n\n\n\n<h2>Les exemples d\u2019Alexane et Cassandra<\/h2>\n\n\n\n<p>\u00ab&nbsp;Tu n\u2019as pas l\u2019air malade&nbsp;\u00bb, se fait souvent dire Cassandra Poitras. La jeune femme, qui est atteinte d\u2019une maladie orpheline, a besoin d\u2019un chien d\u2019assistance. Or, elle doit \u00ab&nbsp;constamment justifier&nbsp;\u00bb la pr\u00e9sence de l\u2019animal \u00e0 ses c\u00f4t\u00e9s, d\u00e9plore-t-elle, car elle n\u2019a pas un handicap \u00ab&nbsp;visible&nbsp;\u00bb.<\/p>\n\n\n\n<p>Comme beaucoup de personnes vivant avec un handicap, Cassandra s\u2019est heurt\u00e9e \u00e0 un \u00ab&nbsp;manque de souplesse&nbsp;\u00bb dans certains milieux de travail (son employeur actuel, lui, est souple, pr\u00e9cise-t-elle).<\/p>\n\n\n\n<p>Trop souvent, les employeurs ne tiennent pas compte des contraintes v\u00e9cues comme la faible disponibilit\u00e9 du transport adopt\u00e9, les suivis m\u00e9dicaux, la n\u00e9cessit\u00e9 d\u2019avoir un horaire all\u00e9g\u00e9 pour \u00e9viter la surcharge cognitive ou la fatigue, plaide d\u2019ailleurs la Commission.<\/p>\n\n\n\n<p>Pour l\u2019artiste multidisciplinaire Alexane Roy, qui t\u00e9moignait \u00e9galement ce mardi aux c\u00f4t\u00e9s des gens de la Commission, les obstacles ont \u00e9t\u00e9 nombreux.<\/p>\n\n\n\n<p>\u00ab&nbsp;\u00c0 l\u2019\u00e9cole, on ne m\u2019a pas orient\u00e9 vers les arts, mais plut\u00f4t vers un travail de bureau en raison de mon handicap physique&nbsp;\u00bb, d\u00e9plore l\u2019artiste qui a \u00e9tudi\u00e9 en administration.<\/p>\n\n\n\n<p>On lui a fait valoir la difficult\u00e9 \u2014 voire l\u2019impossibilit\u00e9 \u2014 de trouver un milieu de stage pr\u00eat \u00e0 accueillir une personne en fauteuil roulant. L\u2019artiste est parvenue \u00e0 trouver un emploi administratif dans un organisme culturel, non sans regretter de ne voir nulle part \u00e0 la t\u00e9l\u00e9vision ou sur la sc\u00e8ne une personne qui lui ressemble.<\/p>\n","protected":false},"excerpt":{"rendered":"<p>https:\/\/www.lapresse.ca\/actualites\/2025-05-20\/emploi-et-handicap\/des-mesures-plus-contraignantes-reclamees.php Vu l\u2019insuffisance de r\u00e9sultats en mati\u00e8re d\u2019int\u00e9gration en emploi des personnes en situation de handicap ces cinquante derni\u00e8res ann\u00e9es,<\/p>\n","protected":false},"author":7407,"featured_media":0,"comment_status":"closed","ping_status":"open","sticky":false,"template":"","format":"standard","meta":{"_monsterinsights_skip_tracking":false,"_monsterinsights_sitenote_active":false,"_monsterinsights_sitenote_note":"","_monsterinsights_sitenote_category":0},"categories":[34],"tags":[],"_links":{"self":[{"href":"https:\/\/www.moelleepiniere.com\/en\/wp-json\/wp\/v2\/posts\/18256"}],"collection":[{"href":"https:\/\/www.moelleepiniere.com\/en\/wp-json\/wp\/v2\/posts"}],"about":[{"href":"https:\/\/www.moelleepiniere.com\/en\/wp-json\/wp\/v2\/types\/post"}],"author":[{"embeddable":true,"href":"https:\/\/www.moelleepiniere.com\/en\/wp-json\/wp\/v2\/users\/7407"}],"replies":[{"embeddable":true,"href":"https:\/\/www.moelleepiniere.com\/en\/wp-json\/wp\/v2\/comments?post=18256"}],"version-history":[{"count":3,"href":"https:\/\/www.moelleepiniere.com\/en\/wp-json\/wp\/v2\/posts\/18256\/revisions"}],"predecessor-version":[{"id":18260,"href":"https:\/\/www.moelleepiniere.com\/en\/wp-json\/wp\/v2\/posts\/18256\/revisions\/18260"}],"wp:attachment":[{"href":"https:\/\/www.moelleepiniere.com\/en\/wp-json\/wp\/v2\/media?parent=18256"}],"wp:term":[{"taxonomy":"category","embeddable":true,"href":"https:\/\/www.moelleepiniere.com\/en\/wp-json\/wp\/v2\/categories?post=18256"},{"taxonomy":"post_tag","embeddable":true,"href":"https:\/\/www.moelleepiniere.com\/en\/wp-json\/wp\/v2\/tags?post=18256"}],"curies":[{"name":"wp","href":"https:\/\/api.w.org\/{rel}","templated":true}]}}