{"id":17911,"date":"2025-02-26T11:31:23","date_gmt":"2025-02-26T16:31:23","guid":{"rendered":"https:\/\/www.moelleepiniere.com\/?p=17911"},"modified":"2025-02-26T11:43:05","modified_gmt":"2025-02-26T16:43:05","slug":"de-montreal-a-new-york-en-fauteuil-roulant","status":"publish","type":"post","link":"https:\/\/www.moelleepiniere.com\/en\/2025\/02\/de-montreal-a-new-york-en-fauteuil-roulant\/","title":{"rendered":"De Montr\u00e9al \u00e0 New York, en fauteuil roulant"},"content":{"rendered":"\n<figure class=\"wp-block-image size-large\"><a href=\"https:\/\/www.lapresse.ca\/sports\/2025-02-24\/de-montreal-a-new-york-en-fauteuil-roulant.php\"><img loading=\"lazy\" width=\"500\" height=\"380\" src=\"https:\/\/www.moelleepiniere.com\/wp-content\/uploads\/2025\/02\/f-bernier-la-presse-500x380.jpg\" alt=\"\" class=\"wp-image-17912\" srcset=\"https:\/\/www.moelleepiniere.com\/wp-content\/uploads\/2025\/02\/f-bernier-la-presse-500x380.jpg 500w, https:\/\/www.moelleepiniere.com\/wp-content\/uploads\/2025\/02\/f-bernier-la-presse-197x150.jpg 197w, https:\/\/www.moelleepiniere.com\/wp-content\/uploads\/2025\/02\/f-bernier-la-presse-768x584.jpg 768w, https:\/\/www.moelleepiniere.com\/wp-content\/uploads\/2025\/02\/f-bernier-la-presse.jpg 1036w\" sizes=\"(max-width: 500px) 100vw, 500px\" \/><\/a><\/figure>\n\n\n\n<p><strong>HOMMAGE \u00c0 FRAN\u00c7OIS BERNIER DANS LA PRESSE<\/strong> : Nous saluons le parcours, la volont\u00e9 et la t\u00e9nacit\u00e9 de Fran\u00e7ois, participant de notre service d\u2019employabilit\u00e9 depuis de nombreuses ann\u00e9es et employeur avec lequel nous collaborons r\u00e9guli\u00e8rement.<\/p>\n\n\n\n<p>L&#8217;article: <\/p>\n\n\n\n<p>\u00ab Il y a tellement de personnes handicap\u00e9es qui ont abandonn\u00e9. Pourtant, quand on va au-del\u00e0 de nos limitations, on r\u00e9alise qu\u2019on a tout pour tripper. Jamais je ne laisserai mon handicap m\u2019emp\u00eacher de mordre dans la vie. \u00bb<\/p>\n\n\n\n<p><em>Publi\u00e9 le 24 f\u00e9vrier<\/em><\/p>\n\n\n\n<p><em><strong>Par \u00c9ric Martel &#8211; La Presse<\/strong><\/em><\/p>\n\n\n\n<p>Cette simple citation de Fran\u00e7ois Bernier encapsule parfaitement sa philosophie. Celle qui l\u2019a men\u00e9, avec son aide-soignant, \u00e0 se rendre jusqu\u2019\u00e0 New York, en fauteuil roulant. \u00c0 amasser des milliers de dollars pour la dystrophie musculaire.<\/p>\n\n\n\n<p>Cette simple citation de Fran\u00e7ois Bernier encapsule parfaitement sa philosophie. Celle qui l\u2019a men\u00e9, avec son aide-soignant, \u00e0 se rendre jusqu\u2019\u00e0 New&nbsp;York, en fauteuil roulant. \u00c0 amasser des milliers de dollars pour la dystrophie musculaire.<\/p>\n\n\n\n<p>Fran\u00e7ois souffre d\u2019amyotrophie spinale, une maladie d\u00e9g\u00e9n\u00e9rative qui entra\u00eene l\u2019atrophie des muscles. Il vit avec des maux de dos. Une capacit\u00e9 respiratoire plus faible. Il ne peut bouger que quatre des doigts de sa main droite.<\/p>\n\n\n\n<p>Rien de cela ne freine ses ambitions. Bien au contraire. Lorsqu\u2019on s\u2019attable dans sa cuisine pour r\u00e9aliser cette entrevue, on remarque une carte du monde, remplies de punaises. <\/p>\n\n\n\n<p>Fran\u00e7ois a voyag\u00e9 beaucoup plus que le commun des mortels. Il poss\u00e8de une ma\u00eetrise de HEC Montr\u00e9al. Une entreprise \u00e0 succ\u00e8s dans le domaine de la strat\u00e9gie web.<\/p>\n\n\n\n<p>On peut maintenant ajouter un exploit sportif de taille \u00e0 son curriculum vit\u00e6.<\/p>\n\n\n\n<p>\u00ab&nbsp;Tu ne verras jamais Fran\u00e7ois s\u2019apitoyer sur son sort. Il veut \u00eatre dans l\u2019action, essayer plein de choses. Il a l\u2019air de n\u2019avoir peur de rien&nbsp;\u00bb, d\u00e9crit son aide-soignant, Jean-Philippe Dubois.<\/p>\n\n\n\n<p>Les deux se sont rencontr\u00e9s en 2017. Jean-Philippe pr\u00e9parait une longue exp\u00e9dition \u00e0 v\u00e9lo avec un groupe, et cherchait une cause \u00e0 soutenir. Par l\u2019entremise de connaissances, il a entendu parler de Fran\u00e7ois, qui, avec quelques amis, r\u00eavait d\u2019aller au festival de musique \u00e9lectronique Tomorrowland.<\/p>\n\n\n\n<figure class=\"wp-block-image\"><img src=\"https:\/\/mobile-img.lpcdn.ca\/v2\/924x\/414a80d06c6b3dac921082ca38ebbb74.jpg\" alt=\"\"\/><figcaption>PHOTO MARCO CAMPANOZZI, LA PRESSE Fran\u00e7ois Bernier<\/figcaption><\/figure>\n\n\n\n<p>Jean-Philippe a donc amass\u00e9 les fonds n\u00e9cessaires pour permettre \u00e0 Fran\u00e7ois et son groupe de r\u00e9aliser leur r\u00eave.<\/p>\n\n\n\n<p>De l\u00e0, une amiti\u00e9 est n\u00e9e. Une amiti\u00e9 dans laquelle les deux complices se motivent \u00e0 d\u00e9passer leurs limites respectives.<\/p>\n\n\n\n<p>\u00ab&nbsp;On s\u2019alimente, r\u00e9sume Jean-Philippe. On trouve souvent des id\u00e9es marginales, et des moyens de les r\u00e9aliser.&nbsp;\u00bb<\/p>\n\n\n\n<p>Un exemple&nbsp;? Il y a un an, Fran\u00e7ois a fait des tours \u00e0 l\u2019int\u00e9rieur du Stade olympique pendant deux plages horaires de 12&nbsp;heures, lors de deux jours cons\u00e9cutifs. Il \u00e9tait soit sur son fauteuil \u00e9lectrique, soit pouss\u00e9 par Jean-Philippe.<\/p>\n\n\n\n<p>Le d\u00e9fi peut sembler \u00e9trange en soi. Mais il a permis la r\u00e9colte de 12&nbsp;000&nbsp;$ pour la dystrophie musculaire. \u00ab&nbsp;C\u2019\u00e9tait vraiment le fun. On \u00e9tait fiers. Mais je voulais qu\u2019on passe \u00e0 un autre niveau&nbsp;\u00bb, raconte Fran\u00e7ois.<\/p>\n\n\n\n<h2>Plus loin encore<\/h2>\n\n\n\n<p>De l\u00e0 est venue l\u2019id\u00e9e d\u2019accomplir un d\u00e9fi plus grand. Un d\u00e9fi qui allait permettre d\u2019amasser encore plus d\u2019argent pour la cause. Eur\u00eaka&nbsp;: pourquoi pas une m\u00e9gaexp\u00e9dition \u00e0 New&nbsp;York&nbsp;? Fran\u00e7ois serait install\u00e9 dans son fauteuil. Jean-Philippe le pousserait. Tout simplement.<\/p>\n\n\n\n<p>\u00ab&nbsp;Dans les derni\u00e8res ann\u00e9es, j\u2019avais recommenc\u00e9 \u00e0 faire du patin \u00e0 roulettes, explique Jean-Philippe. Un peu comme tout le monde, j\u2019avais oubli\u00e9 ce sport \u00e0 l\u2019\u00e2ge de 10&nbsp;ans. Mais pour ce d\u00e9fi, on a r\u00e9alis\u00e9 que c\u2019\u00e9tait juste parfait.&nbsp;\u00bb<\/p>\n\n\n\n<figure class=\"wp-block-image\"><img src=\"https:\/\/mobile-img.lpcdn.ca\/v2\/924x\/f119bae93d67301cb022f52440d19e2f.jpg\" alt=\"\"\/><figcaption>PHOTO MARCO CAMPANOZZI, LA PRESSE Jean-Philippe Dubois<\/figcaption><\/figure>\n\n\n\n<p>C\u2019\u00e9tait juste parfait\u2026 en apparence. \u00ab&nbsp;On est partis en ne sachant aucunement si on serait r\u00e9ellement capables de le faire, admet candidement Fran\u00e7ois. Une semaine avant de partir, on n\u2019avait toujours pas de chaise adapt\u00e9e \u00e0 la situation. On \u00e9tait juste curieux de voir ce que \u00e7a allait donner.&nbsp;\u00bb<\/p>\n\n\n\n<p>C\u2019est donc devant le scepticisme g\u00e9n\u00e9ral que Fran\u00e7ois et Jean-Philippe se sont install\u00e9s sur la ligne de d\u00e9part, au parc La&nbsp;Fontaine, en juillet&nbsp;2024.<\/p>\n\n\n\n<p><em>Les gens ne nous prenaient pas au s\u00e9rieux. Ils pensaient qu\u2019on \u00e9tait fous. \u00c7a ne faisait que nous motiver davantage.<\/em><\/p>\n\n\n\n<p>-Fran\u00e7ois Bernier<\/p>\n\n\n\n<p>Galvanis\u00e9s, ces n\u00e9glig\u00e9s ont parcouru les premiers des 700&nbsp;kilom\u00e8tres qui les attendaient, sur 10&nbsp;jours.<\/p>\n\n\n\n<p>Chaque jour pr\u00e9sentait son lot d\u2019aventures. Vu l\u2019impr\u00e9visibilit\u00e9 de leurs efforts, ils ne r\u00e9servaient aucun h\u00f4tel. Ils s\u2019arr\u00eataient o\u00f9 bon leur semblait, au fil de leur progression.<\/p>\n\n\n\n<figure class=\"wp-block-image\"><img src=\"https:\/\/mobile-img.lpcdn.ca\/v2\/924x\/7da8c0ea4c8f38a5a0d90e1c86636a64.jpg\" alt=\"\"\/><figcaption>PHOTO TIR\u00c9E DU COMPTE INSTAGRAM DE FRAN\u00c7OIS BERNIER Fran\u00e7ois Bernier et Jean-Philippe Dubois<\/figcaption><\/figure>\n\n\n\n<p>Prendre une pause \u00e9tait n\u00e9cessaire \u00e0 chaque tranche de 20&nbsp;kilom\u00e8tres parcourus, puisque Fran\u00e7ois d\u00e9veloppe rapidement des maux de dos lorsqu\u2019il est trop longtemps assis. Le r\u00e9pit plaisait \u00e0 Jean-Philippe aussi. Notamment en raison des mont\u00e9es constantes \u2013 qui repr\u00e9sentaient une \u00e9l\u00e9vation totale de 3500&nbsp;m\u00e8tres sur la dur\u00e9e du trajet \u2013, mais aussi de la chaleur accablante. Le mercure oscillant autour des 35&nbsp;degr\u00e9s ne facilitait en rien la t\u00e2che.<\/p>\n\n\n\n<p>\u00ab&nbsp;Les mont\u00e9es, c\u2019\u00e9tait quasiment du surplace, rapporte Jean-Philippe. Tu pousses, mais tu vois \u00e0 peine ta progression. Je voyais Fran\u00e7ois suer en malade dans sa chaise, et j\u2019essayais d\u2019aller plus vite pour l\u2019aider. Mes jambes devenaient rapidement tr\u00e8s lourdes.&nbsp;\u00bb<\/p>\n\n\n\n<p>Sur la route, le duo insolite attirait l\u2019attention. \u00ab&nbsp;Disons que les gens qui habitent dans des coins ruraux des \u00c9tats-Unis n\u2019ont pas trop l\u2019habitude de voir un gars en rollers qui en pousse un autre en fauteuil roulant, lance Jean-Philippe en riant. On venait nous voir, on nous filmait, on nous prenait en photo. Il y a m\u00eame quelqu\u2019un qui m\u2019a lanc\u00e9 de l\u2019argent.&nbsp;\u00bb<\/p>\n\n\n\n<h2>Sur l\u2019air d\u2019un monde meilleur<\/h2>\n\n\n\n<p>Fran\u00e7ois, lui, rapportait les d\u00e9tails de leur excursion sur les r\u00e9seaux sociaux. Chaque jour, les donateurs se multipliaient, rapprochant tranquillement nos athl\u00e8tes de leur objectif&nbsp;: amasser 20&nbsp;000&nbsp;$.<\/p>\n\n\n\n<p>Au huiti\u00e8me jour, leur campagne a toutefois commenc\u00e9 \u00e0 battre de l\u2019aile. Ils n\u2019avaient obtenu que 200&nbsp;$ de dons en une journ\u00e9e. Ils stagnaient \u00e0 4000&nbsp;$ de leur objectif.<\/p>\n\n\n\n<p>\u00ab&nbsp;On venait de conna\u00eetre notre journ\u00e9e la plus dure physiquement. On commen\u00e7ait \u00e0 se d\u00e9courager. On avait l\u2019impression d\u2019avoir fait tous ces efforts-l\u00e0 pour rien&nbsp;\u00bb, raconte Fran\u00e7ois.<\/p>\n\n\n\n<p>Puis, le miracle.<\/p>\n\n\n\n<p><em>On ne sait pas trop ce qui est arriv\u00e9, mais le matin de notre derni\u00e8re journ\u00e9e, on s\u2019est lev\u00e9s, et notre objectif de dons \u00e9tait atteint. Tout a d\u00e9bloqu\u00e9 d\u2019un coup. C\u2019\u00e9tait incroyable.<\/em><\/p>\n\n\n\n<p>-Fran\u00e7ois Bernier<\/p>\n\n\n\n<p>Victorieux, Fran\u00e7ois et Jean-Philippe ont donc fil\u00e9 vers leur destination, Central Park. Leur chemin s\u2019est arr\u00eat\u00e9 sur la plaque comm\u00e9morant la chanson de John Lennon <em>Imagine<\/em>. C\u2019est d\u2019ailleurs sur cet air qu\u2019ils ont achev\u00e9 leur d\u00e9fi.<\/p>\n\n\n\n<figure class=\"wp-block-image\"><img src=\"https:\/\/mobile-img.lpcdn.ca\/v2\/924x\/fd8b7d43f0e835b899e30bb55ee76de3.jpg\" alt=\"\"\/><figcaption>PHOTO TIR\u00c9E DU COMPTE INSTAGRAM DE FRAN\u00c7OIS BERNIER Fran\u00e7ois Bernier et Jean-Philippe Dubois sur la plaque comm\u00e9morant la chanson de John Lennon <em>Imagine<\/em>, dans Central Park<\/figcaption><\/figure>\n\n\n\n<p>\u00ab&nbsp;C\u2019est ma chanson pr\u00e9f\u00e9r\u00e9e. Elle \u00e9tait juste parfaite pour l\u2019occasion. \u00c7a parle d\u2019un monde meilleur. Un monde dans lequel il y a plus de paix, plus d\u2019amour&nbsp;\u00bb, r\u00e9sume Fran\u00e7ois.<\/p>\n\n\n\n<p>L\u2019odyss\u00e9e de Fran\u00e7ois et Jean-Philippe, c\u2019\u00e9tait aussi un plaidoyer. Ils voulaient faire r\u00e9aliser aux gens l\u2019importance d\u2019int\u00e9grer les personnes en situation de handicap \u00e0 la soci\u00e9t\u00e9.<\/p>\n\n\n\n<p>Vous pourriez dire qu\u2019ils \u00e9taient des r\u00eaveurs. Mais ils n\u2019\u00e9taient pas seuls. En fin de compte, ce sont 279&nbsp;donateurs qui les ont soutenus, pour un total de 24&nbsp;620&nbsp;$.<\/p>\n\n\n\n<p><strong>Objectif quadrupl\u00e9<\/strong><\/p>\n\n\n\n<p>\u00c0 ce point-ci, vous aurez s\u00fbrement compris que Fran\u00e7ois et Jean-Philippe sont du genre \u00e0 toujours en vouloir plus. Ils ont donc d\u00e9j\u00e0 un nouveau d\u00e9fi pr\u00e9vu. L\u2019\u00e9t\u00e9 prochain, ils traverseront la France, de Dunkerque jusqu\u2019\u00e0 Marseille, toujours en patins \u00e0 roues align\u00e9es. \u00ab&nbsp;L\u2019id\u00e9e, c\u2019est de toucher la mer du Nord jusqu\u2019\u00e0 toucher la M\u00e9diterran\u00e9e&nbsp;\u00bb, r\u00e9sume Jean-Philippe.<\/p>\n\n\n\n<p>L\u2019\u00e9pop\u00e9e sera exactement deux fois plus longue que celle vers New&nbsp;York. Mais leur objectif financier, lui, sera quatre fois plus ambitieux. C\u2019est maintenant 100&nbsp;000&nbsp;$ pour la dystrophie musculaire que nos h\u00e9ros esp\u00e8rent amasser.<\/p>\n\n\n\n<p>\u00ab&nbsp;On a atteint pr\u00e8s de 25&nbsp;000&nbsp;$ la derni\u00e8re fois sans trop pousser. Si on a une strat\u00e9gie, on croit pouvoir atteindre un autre niveau compl\u00e8tement. On s\u2019est donn\u00e9 une cr\u00e9dibilit\u00e9 en r\u00e9ussissant notre dernier d\u00e9fi, ce ne sera plus pareil&nbsp;\u00bb, estime Jean-Philippe.<\/p>\n\n\n\n<p>Pour lire l&#8217;article directement sur le site de La Presse, cliquez <a href=\"https:\/\/www.lapresse.ca\/sports\/2025-02-24\/de-montreal-a-new-york-en-fauteuil-roulant.php\" title=\"ICI\">ICI<\/a>.<\/p>\n","protected":false},"excerpt":{"rendered":"<p>HOMMAGE \u00c0 FRAN\u00c7OIS BERNIER DANS LA PRESSE : Nous saluons le parcours, la volont\u00e9 et la t\u00e9nacit\u00e9 de Fran\u00e7ois, participant<\/p>\n","protected":false},"author":7407,"featured_media":0,"comment_status":"closed","ping_status":"open","sticky":false,"template":"","format":"standard","meta":{"_monsterinsights_skip_tracking":false,"_monsterinsights_sitenote_active":false,"_monsterinsights_sitenote_note":"","_monsterinsights_sitenote_category":0},"categories":[34],"tags":[],"_links":{"self":[{"href":"https:\/\/www.moelleepiniere.com\/en\/wp-json\/wp\/v2\/posts\/17911"}],"collection":[{"href":"https:\/\/www.moelleepiniere.com\/en\/wp-json\/wp\/v2\/posts"}],"about":[{"href":"https:\/\/www.moelleepiniere.com\/en\/wp-json\/wp\/v2\/types\/post"}],"author":[{"embeddable":true,"href":"https:\/\/www.moelleepiniere.com\/en\/wp-json\/wp\/v2\/users\/7407"}],"replies":[{"embeddable":true,"href":"https:\/\/www.moelleepiniere.com\/en\/wp-json\/wp\/v2\/comments?post=17911"}],"version-history":[{"count":5,"href":"https:\/\/www.moelleepiniere.com\/en\/wp-json\/wp\/v2\/posts\/17911\/revisions"}],"predecessor-version":[{"id":17919,"href":"https:\/\/www.moelleepiniere.com\/en\/wp-json\/wp\/v2\/posts\/17911\/revisions\/17919"}],"wp:attachment":[{"href":"https:\/\/www.moelleepiniere.com\/en\/wp-json\/wp\/v2\/media?parent=17911"}],"wp:term":[{"taxonomy":"category","embeddable":true,"href":"https:\/\/www.moelleepiniere.com\/en\/wp-json\/wp\/v2\/categories?post=17911"},{"taxonomy":"post_tag","embeddable":true,"href":"https:\/\/www.moelleepiniere.com\/en\/wp-json\/wp\/v2\/tags?post=17911"}],"curies":[{"name":"wp","href":"https:\/\/api.w.org\/{rel}","templated":true}]}}