{"id":17906,"date":"2025-02-24T11:13:11","date_gmt":"2025-02-24T16:13:11","guid":{"rendered":"https:\/\/www.moelleepiniere.com\/?p=17906"},"modified":"2025-02-24T11:13:13","modified_gmt":"2025-02-24T16:13:13","slug":"jouer-un-personnage-tetraplegique","status":"publish","type":"post","link":"https:\/\/www.moelleepiniere.com\/en\/2025\/02\/jouer-un-personnage-tetraplegique\/","title":{"rendered":"Jouer un personnage t\u00e9trapl\u00e9gique"},"content":{"rendered":"\n<figure class=\"wp-block-image size-large\"><a href=\"https:\/\/ici.radio-canada.ca\/tele\/mea-culpa\/site\/complements\/extra\/5573\/television-handicap-personnage-serie-acteur\"><img loading=\"lazy\" width=\"500\" height=\"477\" src=\"https:\/\/www.moelleepiniere.com\/wp-content\/uploads\/2025\/02\/Capture-decran-2025-02-24-111044-500x477.jpg\" alt=\"\" class=\"wp-image-17907\" srcset=\"https:\/\/www.moelleepiniere.com\/wp-content\/uploads\/2025\/02\/Capture-decran-2025-02-24-111044-500x477.jpg 500w, https:\/\/www.moelleepiniere.com\/wp-content\/uploads\/2025\/02\/Capture-decran-2025-02-24-111044-157x150.jpg 157w, https:\/\/www.moelleepiniere.com\/wp-content\/uploads\/2025\/02\/Capture-decran-2025-02-24-111044-768x732.jpg 768w, https:\/\/www.moelleepiniere.com\/wp-content\/uploads\/2025\/02\/Capture-decran-2025-02-24-111044.jpg 790w\" sizes=\"(max-width: 500px) 100vw, 500px\" \/><\/a><\/figure>\n\n\n\n<p>Dans <em>Mea Culpa<\/em>, Dany Boudreault incarne R\u00e9mi Duguay, devenu quadripl\u00e9gique \u00e0 l&#8217;\u00e2ge de 19 ans apr\u00e8s une soir\u00e9e tragique. Pour l&#8217;acteur, son personnage ne se r\u00e9sume pas \u00e0 sa t\u00e9trapl\u00e9gie. Pour se pr\u00e9parer au mieux \u00e0 endosser ce r\u00f4le, il s&#8217;est donc entour\u00e9 de pr\u00e9cieux consultants, dont Omar Lachheb, de la <a href=\"https:\/\/www.moelleepiniere.com\/\" target=\"_blank\" rel=\"noreferrer noopener\">Fondation Moelle \u00e9pini\u00e8re et motricit\u00e9 Qu\u00e9bec<\/a>.<\/p>\n\n\n\n<p>Visionnez la vid\u00e9o en cliquant sur l&#8217;image ou sur le <a href=\"https:\/\/ici.radio-canada.ca\/tele\/mea-culpa\/site\/complements\/extra\/5573\/television-handicap-personnage-serie-acteur\" title=\"lien suivant\">lien suivant<\/a>.<\/p>\n","protected":false},"excerpt":{"rendered":"<p>Dans Mea Culpa, Dany Boudreault incarne R\u00e9mi Duguay, devenu quadripl\u00e9gique \u00e0 l&#8217;\u00e2ge de 19 ans apr\u00e8s une soir\u00e9e tragique. Pour<\/p>\n","protected":false},"author":7407,"featured_media":0,"comment_status":"closed","ping_status":"open","sticky":false,"template":"","format":"standard","meta":{"_monsterinsights_skip_tracking":false,"_monsterinsights_sitenote_active":false,"_monsterinsights_sitenote_note":"","_monsterinsights_sitenote_category":0},"categories":[34],"tags":[],"_links":{"self":[{"href":"https:\/\/www.moelleepiniere.com\/en\/wp-json\/wp\/v2\/posts\/17906"}],"collection":[{"href":"https:\/\/www.moelleepiniere.com\/en\/wp-json\/wp\/v2\/posts"}],"about":[{"href":"https:\/\/www.moelleepiniere.com\/en\/wp-json\/wp\/v2\/types\/post"}],"author":[{"embeddable":true,"href":"https:\/\/www.moelleepiniere.com\/en\/wp-json\/wp\/v2\/users\/7407"}],"replies":[{"embeddable":true,"href":"https:\/\/www.moelleepiniere.com\/en\/wp-json\/wp\/v2\/comments?post=17906"}],"version-history":[{"count":1,"href":"https:\/\/www.moelleepiniere.com\/en\/wp-json\/wp\/v2\/posts\/17906\/revisions"}],"predecessor-version":[{"id":17908,"href":"https:\/\/www.moelleepiniere.com\/en\/wp-json\/wp\/v2\/posts\/17906\/revisions\/17908"}],"wp:attachment":[{"href":"https:\/\/www.moelleepiniere.com\/en\/wp-json\/wp\/v2\/media?parent=17906"}],"wp:term":[{"taxonomy":"category","embeddable":true,"href":"https:\/\/www.moelleepiniere.com\/en\/wp-json\/wp\/v2\/categories?post=17906"},{"taxonomy":"post_tag","embeddable":true,"href":"https:\/\/www.moelleepiniere.com\/en\/wp-json\/wp\/v2\/tags?post=17906"}],"curies":[{"name":"wp","href":"https:\/\/api.w.org\/{rel}","templated":true}]}}