{"id":17901,"date":"2025-02-19T17:05:08","date_gmt":"2025-02-19T22:05:08","guid":{"rendered":"https:\/\/www.moelleepiniere.com\/?p=17901"},"modified":"2025-02-19T17:05:10","modified_gmt":"2025-02-19T22:05:10","slug":"consultation-radio-canada-sur-la-presence-des-personnes-en-situation-de-handicap-dans-ses-emissions","status":"publish","type":"post","link":"https:\/\/www.moelleepiniere.com\/en\/2025\/02\/consultation-radio-canada-sur-la-presence-des-personnes-en-situation-de-handicap-dans-ses-emissions\/","title":{"rendered":"Consultation Radio-Canada sur la pr\u00e9sence des personnes en situation de handicap dans ses \u00e9missions"},"content":{"rendered":"\n<p>Radio-Canada veut vous entendre sur la pertinence de ses \u00e9missions et savoir si vous sentez qu&#8217;elles refl\u00e8tent votre r\u00e9alit\u00e9.<\/p>\n\n\n\n<p><a href=\"https:\/\/cbc.radio-canada.ca\/fr\/transparence-et-engagement\/equite-diversite-et-inclusion\/crtc-consultations-groupes-sous-representes\">https:\/\/cbc.radio-canada.ca\/fr\/transparence-et-engagement\/equite-diversite-et-inclusion\/crtc-consultations-groupes-sous-representes<\/a><\/p>\n\n\n\n<p>Une occasion \u00e0 saisir pour leur dire que les personnes en situation de handicap sont peu pr\u00e9sentes dans le monde m\u00e9diatique et que nous avons besoin de faire plus entendre notre voix et nos demandes!<\/p>\n\n\n\n<p>Remplissez le sondage avant vendredi 21 f\u00e9vrier!<\/p>\n\n\n\n<figure class=\"wp-block-image size-large\"><a href=\"https:\/\/cbc.radio-canada.ca\/fr\/transparence-et-engagement\/equite-diversite-et-inclusion\/crtc-consultations-groupes-sous-representes\"><img loading=\"lazy\" width=\"400\" height=\"500\" src=\"https:\/\/www.moelleepiniere.com\/wp-content\/uploads\/2025\/02\/RC_CONSULTATIONS-CRTC_GEN-RS-CTA_4-5_AvecURL-400x500.jpg\" alt=\"\" class=\"wp-image-17902\" srcset=\"https:\/\/www.moelleepiniere.com\/wp-content\/uploads\/2025\/02\/RC_CONSULTATIONS-CRTC_GEN-RS-CTA_4-5_AvecURL-400x500.jpg 400w, https:\/\/www.moelleepiniere.com\/wp-content\/uploads\/2025\/02\/RC_CONSULTATIONS-CRTC_GEN-RS-CTA_4-5_AvecURL-120x150.jpg 120w, https:\/\/www.moelleepiniere.com\/wp-content\/uploads\/2025\/02\/RC_CONSULTATIONS-CRTC_GEN-RS-CTA_4-5_AvecURL-768x960.jpg 768w, https:\/\/www.moelleepiniere.com\/wp-content\/uploads\/2025\/02\/RC_CONSULTATIONS-CRTC_GEN-RS-CTA_4-5_AvecURL-1229x1536.jpg 1229w, https:\/\/www.moelleepiniere.com\/wp-content\/uploads\/2025\/02\/RC_CONSULTATIONS-CRTC_GEN-RS-CTA_4-5_AvecURL-1638x2048.jpg 1638w, https:\/\/www.moelleepiniere.com\/wp-content\/uploads\/2025\/02\/RC_CONSULTATIONS-CRTC_GEN-RS-CTA_4-5_AvecURL-scaled.jpg 2048w\" sizes=\"(max-width: 400px) 100vw, 400px\" \/><\/a><\/figure>\n","protected":false},"excerpt":{"rendered":"<p>Radio-Canada veut vous entendre sur la pertinence de ses \u00e9missions et savoir si vous sentez qu&#8217;elles refl\u00e8tent votre r\u00e9alit\u00e9. https:\/\/cbc.radio-canada.ca\/fr\/transparence-et-engagement\/equite-diversite-et-inclusion\/crtc-consultations-groupes-sous-representes<\/p>\n","protected":false},"author":7407,"featured_media":0,"comment_status":"closed","ping_status":"open","sticky":false,"template":"","format":"standard","meta":{"_monsterinsights_skip_tracking":false,"_monsterinsights_sitenote_active":false,"_monsterinsights_sitenote_note":"","_monsterinsights_sitenote_category":0},"categories":[34],"tags":[],"_links":{"self":[{"href":"https:\/\/www.moelleepiniere.com\/en\/wp-json\/wp\/v2\/posts\/17901"}],"collection":[{"href":"https:\/\/www.moelleepiniere.com\/en\/wp-json\/wp\/v2\/posts"}],"about":[{"href":"https:\/\/www.moelleepiniere.com\/en\/wp-json\/wp\/v2\/types\/post"}],"author":[{"embeddable":true,"href":"https:\/\/www.moelleepiniere.com\/en\/wp-json\/wp\/v2\/users\/7407"}],"replies":[{"embeddable":true,"href":"https:\/\/www.moelleepiniere.com\/en\/wp-json\/wp\/v2\/comments?post=17901"}],"version-history":[{"count":1,"href":"https:\/\/www.moelleepiniere.com\/en\/wp-json\/wp\/v2\/posts\/17901\/revisions"}],"predecessor-version":[{"id":17903,"href":"https:\/\/www.moelleepiniere.com\/en\/wp-json\/wp\/v2\/posts\/17901\/revisions\/17903"}],"wp:attachment":[{"href":"https:\/\/www.moelleepiniere.com\/en\/wp-json\/wp\/v2\/media?parent=17901"}],"wp:term":[{"taxonomy":"category","embeddable":true,"href":"https:\/\/www.moelleepiniere.com\/en\/wp-json\/wp\/v2\/categories?post=17901"},{"taxonomy":"post_tag","embeddable":true,"href":"https:\/\/www.moelleepiniere.com\/en\/wp-json\/wp\/v2\/tags?post=17901"}],"curies":[{"name":"wp","href":"https:\/\/api.w.org\/{rel}","templated":true}]}}