{"id":17539,"date":"2024-10-18T08:15:33","date_gmt":"2024-10-18T13:15:33","guid":{"rendered":"https:\/\/www.moelleepiniere.com\/?p=17539"},"modified":"2024-10-18T08:15:35","modified_gmt":"2024-10-18T13:15:35","slug":"parce-que-ce-nest-pas-regle-mes-seins-et-mon-uterus-comptent-aussi","status":"publish","type":"post","link":"https:\/\/www.moelleepiniere.com\/en\/2024\/10\/parce-que-ce-nest-pas-regle-mes-seins-et-mon-uterus-comptent-aussi\/","title":{"rendered":"Parce que ce n\u2019est pas r\u00e9gl\u00e9 : mes seins et mon ut\u00e9rus comptent aussi!"},"content":{"rendered":"\n<div class=\"wp-block-columns\">\n<div class=\"wp-block-column\">\n<figure class=\"wp-block-image size-full\"><img loading=\"lazy\" width=\"444\" height=\"173\" src=\"https:\/\/www.moelleepiniere.com\/wp-content\/uploads\/2024\/10\/MEMO-Qc.jpg\" alt=\"\" class=\"wp-image-17542\" srcset=\"https:\/\/www.moelleepiniere.com\/wp-content\/uploads\/2024\/10\/MEMO-Qc.jpg 444w, https:\/\/www.moelleepiniere.com\/wp-content\/uploads\/2024\/10\/MEMO-Qc-200x78.jpg 200w\" sizes=\"(max-width: 444px) 100vw, 444px\" \/><\/figure>\n<\/div>\n\n\n\n<div class=\"wp-block-column\">\n<figure class=\"wp-block-image size-full\"><img loading=\"lazy\" width=\"331\" height=\"80\" src=\"https:\/\/www.moelleepiniere.com\/wp-content\/uploads\/2024\/10\/Action-cancer-du-sein.png\" alt=\"\" class=\"wp-image-17540\" srcset=\"https:\/\/www.moelleepiniere.com\/wp-content\/uploads\/2024\/10\/Action-cancer-du-sein.png 331w, https:\/\/www.moelleepiniere.com\/wp-content\/uploads\/2024\/10\/Action-cancer-du-sein-200x48.png 200w\" sizes=\"(max-width: 331px) 100vw, 331px\" \/><\/figure>\n<\/div>\n\n\n\n<div class=\"wp-block-column\">\n<figure class=\"wp-block-image size-full\"><img loading=\"lazy\" width=\"189\" height=\"177\" src=\"https:\/\/www.moelleepiniere.com\/wp-content\/uploads\/2024\/10\/AFH.jpg\" alt=\"\" class=\"wp-image-17541\" srcset=\"https:\/\/www.moelleepiniere.com\/wp-content\/uploads\/2024\/10\/AFH.jpg 189w, https:\/\/www.moelleepiniere.com\/wp-content\/uploads\/2024\/10\/AFH-160x150.jpg 160w\" sizes=\"(max-width: 189px) 100vw, 189px\" \/><\/figure>\n<\/div>\n<\/div>\n\n\n\n<p>MONTR\u00c9AL, TERRITOIRE TRADITIONNEL NON C\u00c9D\u00c9 DES PEUPLES Kanyen\u2019keh\u00e0:ka , le 18 octobre 2024 \u2013 En ce mois d\u2019octobre, mois consacr\u00e9 \u00e0 la sensibilisation au cancer du sein, Moelle \u00e9pini\u00e8re et motricit\u00e9 Qu\u00e9bec (M\u00c9MO-Qc), Action cancer du sein du Qu\u00e9bec (ACSQ) et Action femmes et handicap (AFH) joignent leurs voix pour dire au gouvernement de M. Legault que l\u2019acc\u00e8s aux soins de sant\u00e9 des femmes en situation de handicap (FSH) ne s\u2019am\u00e9liore pas et que cela met leur sant\u00e9 et leur vie en p\u00e9ril. C\u2019est une honte que des FSH ne puissent pas passer de tests oncologiques, des mammographies, des PAP tests, etc. faute d\u2019\u00e9quipements adapt\u00e9s. C\u2019est une honte de penser que ces femmes n\u2019ont pas de vie sexuelle et de nier leur droit \u00e0 une vie de couple ou parentale.<\/p>\n\n\n\n<p>Malgr\u00e9 la diffusion massive de la vid\u00e9o <strong><em>Mes seins et mon ut\u00e9rus comptent aussi !<\/em><\/strong>; malgr\u00e9 la campagne de sensibilisation massive faite en octobre 2023, appuy\u00e9e par de nombreux groupes locaux, r\u00e9gionaux et nationaux f\u00e9ministes et des groupes des personnes en situation de handicap; malgr\u00e9 nos multiples demandes de rencontre aupr\u00e8s des ministres Christian Dub\u00e9, Lionel Carmant, Sonia B\u00e9langer et Martine Biron et malgr\u00e9 des centaines de cartes qui leur ont \u00e9t\u00e9 transmises revendiquant des soins de sant\u00e9 accessibles pour ces femmes, rien n\u2019a chang\u00e9. Cela d\u00e9montre le peu de sensibilit\u00e9 de ces ministres envers ces femmes. Mais en plus, leurs cris du c\u0153ur n\u2019ont pas \u00e9t\u00e9 entendus par un gouvernement qui a d\u00e9cid\u00e9 de faire la sourde d\u2019oreille faisant en sorte que ces femmes parmi les plus vuln\u00e9rables de notre soci\u00e9t\u00e9 se sentent davantage invisibilis\u00e9es et laiss\u00e9es -pour- compte. Nous profitons donc de ce mois de sensibilisation au cancer du sein pour d\u00e9noncer vigoureusement l\u2019inaction du gouvernement en mati\u00e8re d\u2019acc\u00e8s aux soins de sant\u00e9 sp\u00e9cifiques aux FSH.<\/p>\n\n\n\n<p>Nous poursuivons nos repr\u00e9sentations visant \u00e0 rencontrer ces ministres et \u00e0 faire en sorte que la voix des FSH soit entendue et que leurs besoins en mati\u00e8re d\u2019acc\u00e8s aux soins de sant\u00e9 sp\u00e9cifiques aux femmes soient r\u00e9ellement reconnus et pris en charge.<\/p>\n\n\n\n<p>Nous rappelons au gouvernement nos demandes \u00e0 savoir que : tous les \u00e9tablissements de sant\u00e9, publics ou priv\u00e9s \u00e0 travers le Qu\u00e9bec, qui offrent des services de pr\u00e9vention, de diagnostic et de traitement sp\u00e9cifiques aux femmes comme les mammographies, les examens et soins gyn\u00e9cologiques, oncologiques et p\u00e9rinataux, soient compl\u00e8tement accessibles (stationnements, aires de d\u00e9placement, mat\u00e9riels et \u00e9quipements, vestiaires, salles d&#8217;examens, toilettes, etc.).<\/p>\n\n\n\n<p>Nous demandons \u00e9galement que ces \u00e9tablissements pr\u00e9voient du personnel qualifi\u00e9 pour accueillir ces femmes, du personnel qui poss\u00e8de une r\u00e9elle connaissance de leurs r\u00e9alit\u00e9s et de leurs besoins sp\u00e9cifiques ; que ce personnel soit form\u00e9 et disponible pour favoriser un accueil bienveillant et assurer la s\u00e9curit\u00e9 et la dignit\u00e9 de ces femmes quand il s&#8217;agit d\u2019effectuer des examens sur leur corps ayant besoin d&#8217;\u00eatre mobilis\u00e9.<\/p>\n\n\n\n<p>Il s&#8217;agit l\u00e0 de questions de dignit\u00e9, d&#8217;\u00e9quit\u00e9, d\u2019inclusion et de justice sociale !<\/p>\n\n\n\n<p>Pour visionner la vid\u00e9o <em>Mes seins et mon ut\u00e9rus comptent aussi !<\/em><\/p>\n\n\n\n<ul><li><strong>YouTube<\/strong>&nbsp;: <a href=\"https:\/\/youtu.be\/K11HnVavonE\">https:\/\/youtu.be\/K11HnVavonE<\/a><\/li><li><strong>Facebook<\/strong>&nbsp;: <a href=\"https:\/\/fb.watch\/j5YhCLk7SA\/\">https:\/\/fb.watch\/j5YhCLk7SA\/<\/a><\/li><li><strong>Instagram<\/strong>&nbsp;: <a href=\"https:\/\/www.instagram.com\/p\/CpVJxOmN4WJ\/\">https:\/\/www.instagram.com\/p\/CpVJxOmN4WJ\/<\/a><\/li><\/ul>\n\n\n\n<p>&nbsp;&nbsp;&nbsp;&nbsp;&nbsp;&nbsp;&nbsp;&nbsp;&nbsp;&nbsp;&nbsp;&nbsp;&nbsp;&nbsp;&nbsp;&nbsp;&nbsp;&nbsp;&nbsp;&nbsp;&nbsp;&nbsp;&nbsp;&nbsp;&nbsp;&nbsp;&nbsp;&nbsp;&nbsp;&nbsp;&nbsp;&nbsp;&nbsp;&nbsp;&nbsp;&nbsp;&nbsp;&nbsp;&nbsp;&nbsp;&nbsp;&nbsp;&nbsp;&nbsp;&nbsp;&nbsp;&nbsp;&nbsp;&nbsp;&nbsp;&nbsp;&nbsp;&nbsp;&nbsp;&nbsp;&nbsp;&nbsp;&nbsp; -30-&nbsp;&nbsp;&nbsp;&nbsp;&nbsp;&nbsp;&nbsp;&nbsp;&nbsp;&nbsp;&nbsp;&nbsp;&nbsp;&nbsp;&nbsp;&nbsp;&nbsp;&nbsp;&nbsp;&nbsp;&nbsp;&nbsp;&nbsp;&nbsp;&nbsp;&nbsp;&nbsp;&nbsp;&nbsp;&nbsp;&nbsp;&nbsp;&nbsp;&nbsp;&nbsp;&nbsp;&nbsp;&nbsp;&nbsp;&nbsp;&nbsp;&nbsp;&nbsp;&nbsp;&nbsp;&nbsp;&nbsp;&nbsp;&nbsp;&nbsp;&nbsp;&nbsp;<\/p>\n\n\n\n<p><strong>Source&nbsp;:<\/strong><\/p>\n\n\n\n<p>Ad\u00e8le Liliane Ngo Mben Nkoth<\/p>\n\n\n\n<p>Organisatrice communautaire, d\u00e9fense des droits, M\u00c9MO-QC<strong><\/strong><\/p>\n\n\n\n<p>514 341-7272, poste 235<\/p>\n\n\n\n<p><a href=\"mailto:alngombennkoth@moelleepiniere.com\">alngombennkoth@moelleepiniere.com<\/a><\/p>\n\n\n\n<p><\/p>\n\n\n\n<p>Naoual Laaroussi<\/p>\n\n\n\n<p>Charg\u00e9e de communication et de d\u00e9veloppement, ACSQ<\/p>\n\n\n\n<p>438&nbsp;409-3641<\/p>\n\n\n\n<p><a href=\"mailto:Naoual.laaroussi@acsqc.ca\">Naoual.laaroussi@acsqc.ca<\/a><\/p>\n\n\n\n<p><\/p>\n\n\n\n<p>Florence Pardo<\/p>\n\n\n\n<p>Charg\u00e9e de projet de mobilisation des membres<\/p>\n\n\n\n<p>Action femmes et handicap, AFH<\/p>\n\n\n\n<p><a href=\"mailto:projet@actionfh.ca\">projet@actionfh.ca<\/a><\/p>\n\n\n\n<p><\/p>\n\n\n\n<p><strong>Renseignements pour les m\u00e9dias:<\/strong><\/p>\n\n\n\n<p>Ad\u00e8le Liliane Ngo Mben Nkoth<\/p>\n\n\n\n<p>Organisatrice communautaire, d\u00e9fense des droits, M\u00c9MO-QC<strong><\/strong><\/p>\n\n\n\n<p>514 341-7272, poste 235<\/p>\n\n\n\n<p><a href=\"mailto:alngombennkoth@moelleepiniere.com\">alngombennkoth@moelleepiniere.com<\/a><\/p>\n\n\n\n<p><\/p>\n","protected":false},"excerpt":{"rendered":"<p>MONTR\u00c9AL, TERRITOIRE TRADITIONNEL NON C\u00c9D\u00c9 DES PEUPLES Kanyen\u2019keh\u00e0:ka , le 18 octobre 2024 \u2013 En ce mois d\u2019octobre, mois consacr\u00e9<\/p>\n","protected":false},"author":7402,"featured_media":0,"comment_status":"closed","ping_status":"open","sticky":false,"template":"","format":"standard","meta":{"_monsterinsights_skip_tracking":false,"_monsterinsights_sitenote_active":false,"_monsterinsights_sitenote_note":"","_monsterinsights_sitenote_category":0},"categories":[34],"tags":[],"_links":{"self":[{"href":"https:\/\/www.moelleepiniere.com\/en\/wp-json\/wp\/v2\/posts\/17539"}],"collection":[{"href":"https:\/\/www.moelleepiniere.com\/en\/wp-json\/wp\/v2\/posts"}],"about":[{"href":"https:\/\/www.moelleepiniere.com\/en\/wp-json\/wp\/v2\/types\/post"}],"author":[{"embeddable":true,"href":"https:\/\/www.moelleepiniere.com\/en\/wp-json\/wp\/v2\/users\/7402"}],"replies":[{"embeddable":true,"href":"https:\/\/www.moelleepiniere.com\/en\/wp-json\/wp\/v2\/comments?post=17539"}],"version-history":[{"count":1,"href":"https:\/\/www.moelleepiniere.com\/en\/wp-json\/wp\/v2\/posts\/17539\/revisions"}],"predecessor-version":[{"id":17543,"href":"https:\/\/www.moelleepiniere.com\/en\/wp-json\/wp\/v2\/posts\/17539\/revisions\/17543"}],"wp:attachment":[{"href":"https:\/\/www.moelleepiniere.com\/en\/wp-json\/wp\/v2\/media?parent=17539"}],"wp:term":[{"taxonomy":"category","embeddable":true,"href":"https:\/\/www.moelleepiniere.com\/en\/wp-json\/wp\/v2\/categories?post=17539"},{"taxonomy":"post_tag","embeddable":true,"href":"https:\/\/www.moelleepiniere.com\/en\/wp-json\/wp\/v2\/tags?post=17539"}],"curies":[{"name":"wp","href":"https:\/\/api.w.org\/{rel}","templated":true}]}}