{"id":17335,"date":"2024-09-23T06:56:28","date_gmt":"2024-09-23T11:56:28","guid":{"rendered":"https:\/\/www.moelleepiniere.com\/?p=17335"},"modified":"2024-09-23T06:56:30","modified_gmt":"2024-09-23T11:56:30","slug":"les-plaies-de-pression-ca-fesse-a-los-je-signe-la-petition-pour-lacces-et-la-consolidation-des-soins-de-plaies-de-pression-pour-les-personnes-lesees-medullaires","status":"publish","type":"post","link":"https:\/\/www.moelleepiniere.com\/en\/2024\/09\/les-plaies-de-pression-ca-fesse-a-los-je-signe-la-petition-pour-lacces-et-la-consolidation-des-soins-de-plaies-de-pression-pour-les-personnes-lesees-medullaires\/","title":{"rendered":"&#8220;Les plaies de pression, \u00e7a fesse \u00e0 l&#8217;os!&#8221; | Je signe la p\u00e9tition pour l&#8217;acc\u00e8s et la consolidation des soins de plaies de pression pour les personnes l\u00e9s\u00e9es m\u00e9dullaires"},"content":{"rendered":"\n<figure class=\"wp-block-image size-large\"><a href=\"https:\/\/www.assnat.qc.ca\/fr\/exprimez-votre-opinion\/petition\/Petition-10983\/index.html\"><img loading=\"lazy\" width=\"500\" height=\"185\" src=\"https:\/\/www.moelleepiniere.com\/wp-content\/uploads\/2024\/09\/Banniere-petition-plaies-500x185.jpg\" alt=\"\" class=\"wp-image-17326\" srcset=\"https:\/\/www.moelleepiniere.com\/wp-content\/uploads\/2024\/09\/Banniere-petition-plaies-500x185.jpg 500w, https:\/\/www.moelleepiniere.com\/wp-content\/uploads\/2024\/09\/Banniere-petition-plaies-200x74.jpg 200w, https:\/\/www.moelleepiniere.com\/wp-content\/uploads\/2024\/09\/Banniere-petition-plaies-768x284.jpg 768w, https:\/\/www.moelleepiniere.com\/wp-content\/uploads\/2024\/09\/Banniere-petition-plaies.jpg 1064w\" sizes=\"(max-width: 500px) 100vw, 500px\" \/><\/a><\/figure>\n\n\n\n<p><a href=\"https:\/\/www.assnat.qc.ca\/fr\/exprimez-votre-opinion\/petition\/Petition-10983\/index.html\">https:\/\/www.assnat.qc.ca\/fr\/exprimez-votre-opinion\/petition\/Petition-10983\/index.html<\/a><\/p>\n\n\n\n<p>Les personnes l\u00e9s\u00e9es m\u00e9dullaires, de m\u00eame que les personnes \u00e0 mobilit\u00e9 r\u00e9duite qui ont des conditions apparent\u00e9es, ont besoin de votre soutien pour une offre de soins de plaies de pression accessibles et de qualit\u00e9. Si ce n&#8217;est pas d\u00e9j\u00e0 fait, appuyez-les en signant la p\u00e9tition ci-dessous et en joignant votre voix au mouvement. Chaque geste compte! Nous vous en remercions d&#8217;avance.\u00a0<\/p>\n","protected":false},"excerpt":{"rendered":"<p>https:\/\/www.assnat.qc.ca\/fr\/exprimez-votre-opinion\/petition\/Petition-10983\/index.html Les personnes l\u00e9s\u00e9es m\u00e9dullaires, de m\u00eame que les personnes \u00e0 mobilit\u00e9 r\u00e9duite qui ont des conditions apparent\u00e9es, ont besoin<\/p>\n","protected":false},"author":7402,"featured_media":0,"comment_status":"closed","ping_status":"open","sticky":false,"template":"","format":"standard","meta":{"_monsterinsights_skip_tracking":false,"_monsterinsights_sitenote_active":false,"_monsterinsights_sitenote_note":"","_monsterinsights_sitenote_category":0},"categories":[34],"tags":[],"_links":{"self":[{"href":"https:\/\/www.moelleepiniere.com\/en\/wp-json\/wp\/v2\/posts\/17335"}],"collection":[{"href":"https:\/\/www.moelleepiniere.com\/en\/wp-json\/wp\/v2\/posts"}],"about":[{"href":"https:\/\/www.moelleepiniere.com\/en\/wp-json\/wp\/v2\/types\/post"}],"author":[{"embeddable":true,"href":"https:\/\/www.moelleepiniere.com\/en\/wp-json\/wp\/v2\/users\/7402"}],"replies":[{"embeddable":true,"href":"https:\/\/www.moelleepiniere.com\/en\/wp-json\/wp\/v2\/comments?post=17335"}],"version-history":[{"count":1,"href":"https:\/\/www.moelleepiniere.com\/en\/wp-json\/wp\/v2\/posts\/17335\/revisions"}],"predecessor-version":[{"id":17336,"href":"https:\/\/www.moelleepiniere.com\/en\/wp-json\/wp\/v2\/posts\/17335\/revisions\/17336"}],"wp:attachment":[{"href":"https:\/\/www.moelleepiniere.com\/en\/wp-json\/wp\/v2\/media?parent=17335"}],"wp:term":[{"taxonomy":"category","embeddable":true,"href":"https:\/\/www.moelleepiniere.com\/en\/wp-json\/wp\/v2\/categories?post=17335"},{"taxonomy":"post_tag","embeddable":true,"href":"https:\/\/www.moelleepiniere.com\/en\/wp-json\/wp\/v2\/tags?post=17335"}],"curies":[{"name":"wp","href":"https:\/\/api.w.org\/{rel}","templated":true}]}}