{"id":15556,"date":"2023-09-13T13:35:59","date_gmt":"2023-09-13T18:35:59","guid":{"rendered":"https:\/\/www.moelleepiniere.com\/?p=15556"},"modified":"2023-09-13T13:36:01","modified_gmt":"2023-09-13T18:36:01","slug":"personnes-handicapees-un-torontois-triomphe-face-a-air-canada","status":"publish","type":"post","link":"https:\/\/www.moelleepiniere.com\/en\/2023\/09\/personnes-handicapees-un-torontois-triomphe-face-a-air-canada\/","title":{"rendered":"Personnes handicap\u00e9es : un Torontois triomphe face \u00e0 Air Canada"},"content":{"rendered":"\n<p>Un Torontois obtient gain de cause, sept ans apr\u00e8s s&#8217;\u00eatre fait refuser l&#8217;acc\u00e8s \u00e0 un vol d&#8217;Air Canada en raison de la taille de son fauteuil roulant \u00e9lectrique!<\/p>\n\n\n\n<p> \u00ab La d\u00e9cision du tribunal stipule qu&#8217;Air Canada doit trouver une solution lorsqu&#8217;elle re\u00e7oit un pr\u00e9avis d&#8217;au moins 21\u00a0jours si un fauteuil roulant ne peut pas \u00eatre embarqu\u00e9 \u00e0 bord d&#8217;un avion. \u00bb <\/p>\n\n\n\n<p>Pour lire l&#8217;article: <a href=\"https:\/\/ici.radio-canada.ca\/nouvelle\/2009193\/personnes-handicapees-fauteuil-roulant-air-canada\">https:\/\/ici.radio-canada.ca\/nouvelle\/2009193\/personnes-handicapees-fauteuil-roulant-air-canada<\/a><\/p>\n\n\n\n<figure class=\"wp-block-image size-large\"><img loading=\"lazy\" width=\"500\" height=\"281\" src=\"https:\/\/www.moelleepiniere.com\/wp-content\/uploads\/2023\/09\/Air-Canada-Torontois-500x281.png\" alt=\"\" class=\"wp-image-15557\" srcset=\"https:\/\/www.moelleepiniere.com\/wp-content\/uploads\/2023\/09\/Air-Canada-Torontois-500x281.png 500w, https:\/\/www.moelleepiniere.com\/wp-content\/uploads\/2023\/09\/Air-Canada-Torontois-200x113.png 200w, https:\/\/www.moelleepiniere.com\/wp-content\/uploads\/2023\/09\/Air-Canada-Torontois-768x432.png 768w, https:\/\/www.moelleepiniere.com\/wp-content\/uploads\/2023\/09\/Air-Canada-Torontois.png 1200w\" sizes=\"(max-width: 500px) 100vw, 500px\" \/><\/figure>\n","protected":false},"excerpt":{"rendered":"<p>Un Torontois obtient gain de cause, sept ans apr\u00e8s s&#8217;\u00eatre fait refuser l&#8217;acc\u00e8s \u00e0 un vol d&#8217;Air Canada en raison<\/p>\n","protected":false},"author":7406,"featured_media":0,"comment_status":"closed","ping_status":"open","sticky":false,"template":"","format":"standard","meta":{"_monsterinsights_skip_tracking":false,"_monsterinsights_sitenote_active":false,"_monsterinsights_sitenote_note":"","_monsterinsights_sitenote_category":0},"categories":[34],"tags":[],"_links":{"self":[{"href":"https:\/\/www.moelleepiniere.com\/en\/wp-json\/wp\/v2\/posts\/15556"}],"collection":[{"href":"https:\/\/www.moelleepiniere.com\/en\/wp-json\/wp\/v2\/posts"}],"about":[{"href":"https:\/\/www.moelleepiniere.com\/en\/wp-json\/wp\/v2\/types\/post"}],"author":[{"embeddable":true,"href":"https:\/\/www.moelleepiniere.com\/en\/wp-json\/wp\/v2\/users\/7406"}],"replies":[{"embeddable":true,"href":"https:\/\/www.moelleepiniere.com\/en\/wp-json\/wp\/v2\/comments?post=15556"}],"version-history":[{"count":1,"href":"https:\/\/www.moelleepiniere.com\/en\/wp-json\/wp\/v2\/posts\/15556\/revisions"}],"predecessor-version":[{"id":15558,"href":"https:\/\/www.moelleepiniere.com\/en\/wp-json\/wp\/v2\/posts\/15556\/revisions\/15558"}],"wp:attachment":[{"href":"https:\/\/www.moelleepiniere.com\/en\/wp-json\/wp\/v2\/media?parent=15556"}],"wp:term":[{"taxonomy":"category","embeddable":true,"href":"https:\/\/www.moelleepiniere.com\/en\/wp-json\/wp\/v2\/categories?post=15556"},{"taxonomy":"post_tag","embeddable":true,"href":"https:\/\/www.moelleepiniere.com\/en\/wp-json\/wp\/v2\/tags?post=15556"}],"curies":[{"name":"wp","href":"https:\/\/api.w.org\/{rel}","templated":true}]}}