{"id":15540,"date":"2023-09-07T14:08:25","date_gmt":"2023-09-07T19:08:25","guid":{"rendered":"https:\/\/www.moelleepiniere.com\/?p=15540"},"modified":"2023-09-07T14:08:27","modified_gmt":"2023-09-07T19:08:27","slug":"rentes-dinvalidite-le-pq-demande-au-gouvernement-de-corriger-le-tir","status":"publish","type":"post","link":"https:\/\/www.moelleepiniere.com\/en\/2023\/09\/rentes-dinvalidite-le-pq-demande-au-gouvernement-de-corriger-le-tir\/","title":{"rendered":"Rentes d\u2019invalidit\u00e9: le PQ demande au gouvernement de corriger le tir"},"content":{"rendered":"\n<p><strong>Front commun contre la CAQ qui p\u00e9nalise les rentes de retraite des personnes handicap\u00e9es<\/strong>!<\/p>\n\n\n\n<p>Apr\u00e8s Qu\u00e9bec Solidaire et le Parti lib\u00e9ral du Qu\u00e9bec, c\u2019est maintenant le Parti qu\u00e9b\u00e9cois qui demande au gouvernent d\u2019annuler la p\u00e9nalit\u00e9 impos\u00e9e aux personnes recevant une rente d\u2019invalidit\u00e9.<\/p>\n\n\n\n<p>\u00ab Il s\u2019agit d&#8217;un manque de sensibilit\u00e9 inexplicable d\u2019un gouvernement qui s\u2019autoproclame sans cesse comme \u00e9tant celui qui souhaite remettre de l\u2019argent aux citoyens \u00bb a d\u00e9clar\u00e9 Jo\u00ebl Arseneau, porte-parole du Parti Qu\u00e9b\u00e9cois (PQ) en mati\u00e8re de travail, d\u2019emploi et d\u2019a\u00een\u00e9s.<\/p>\n\n\n\n<p>Lundi prochain, M\u00c9MO-QC ainsi que d\u2019autres groupes impliqu\u00e9s dans le dossier rencontreront le ministre des Finances \u00c9ric Girard pour faire valoir les revendications des personnes en situation de handicap!<\/p>\n\n\n\n<p>Pour consulter l&#8217;article du Journal de Montr\u00e9al, rendez-vous sur ce lien: <a href=\"https:\/\/www.journaldemontreal.com\/2023\/09\/07\/rentes-dinvalidite-le-pq-demande-au-gouvernement-de-corriger-le-tir\">https:\/\/www.journaldemontreal.com\/2023\/09\/07\/rentes-dinvalidite-le-pq-demande-au-gouvernement-de-corriger-le-tir<\/a><\/p>\n\n\n\n<figure class=\"wp-block-image size-large\"><img loading=\"lazy\" width=\"500\" height=\"333\" src=\"https:\/\/www.moelleepiniere.com\/wp-content\/uploads\/2023\/09\/3eef5ca0-e157-11ea-b04e-f7a5fe224d1b_ORIGINAL-500x333.webp\" alt=\"\" class=\"wp-image-15541\" srcset=\"https:\/\/www.moelleepiniere.com\/wp-content\/uploads\/2023\/09\/3eef5ca0-e157-11ea-b04e-f7a5fe224d1b_ORIGINAL-500x333.webp 500w, https:\/\/www.moelleepiniere.com\/wp-content\/uploads\/2023\/09\/3eef5ca0-e157-11ea-b04e-f7a5fe224d1b_ORIGINAL-200x133.webp 200w, https:\/\/www.moelleepiniere.com\/wp-content\/uploads\/2023\/09\/3eef5ca0-e157-11ea-b04e-f7a5fe224d1b_ORIGINAL-768x511.webp 768w, https:\/\/www.moelleepiniere.com\/wp-content\/uploads\/2023\/09\/3eef5ca0-e157-11ea-b04e-f7a5fe224d1b_ORIGINAL.webp 1500w\" sizes=\"(max-width: 500px) 100vw, 500px\" \/><\/figure>\n","protected":false},"excerpt":{"rendered":"<p>Front commun contre la CAQ qui p\u00e9nalise les rentes de retraite des personnes handicap\u00e9es! Apr\u00e8s Qu\u00e9bec Solidaire et le Parti<\/p>\n","protected":false},"author":7406,"featured_media":0,"comment_status":"closed","ping_status":"open","sticky":false,"template":"","format":"standard","meta":{"_monsterinsights_skip_tracking":false,"_monsterinsights_sitenote_active":false,"_monsterinsights_sitenote_note":"","_monsterinsights_sitenote_category":0},"categories":[34],"tags":[],"_links":{"self":[{"href":"https:\/\/www.moelleepiniere.com\/en\/wp-json\/wp\/v2\/posts\/15540"}],"collection":[{"href":"https:\/\/www.moelleepiniere.com\/en\/wp-json\/wp\/v2\/posts"}],"about":[{"href":"https:\/\/www.moelleepiniere.com\/en\/wp-json\/wp\/v2\/types\/post"}],"author":[{"embeddable":true,"href":"https:\/\/www.moelleepiniere.com\/en\/wp-json\/wp\/v2\/users\/7406"}],"replies":[{"embeddable":true,"href":"https:\/\/www.moelleepiniere.com\/en\/wp-json\/wp\/v2\/comments?post=15540"}],"version-history":[{"count":1,"href":"https:\/\/www.moelleepiniere.com\/en\/wp-json\/wp\/v2\/posts\/15540\/revisions"}],"predecessor-version":[{"id":15542,"href":"https:\/\/www.moelleepiniere.com\/en\/wp-json\/wp\/v2\/posts\/15540\/revisions\/15542"}],"wp:attachment":[{"href":"https:\/\/www.moelleepiniere.com\/en\/wp-json\/wp\/v2\/media?parent=15540"}],"wp:term":[{"taxonomy":"category","embeddable":true,"href":"https:\/\/www.moelleepiniere.com\/en\/wp-json\/wp\/v2\/categories?post=15540"},{"taxonomy":"post_tag","embeddable":true,"href":"https:\/\/www.moelleepiniere.com\/en\/wp-json\/wp\/v2\/tags?post=15540"}],"curies":[{"name":"wp","href":"https:\/\/api.w.org\/{rel}","templated":true}]}}