{"id":15537,"date":"2023-09-06T10:38:43","date_gmt":"2023-09-06T15:38:43","guid":{"rendered":"https:\/\/www.moelleepiniere.com\/?p=15537"},"modified":"2023-09-06T10:38:45","modified_gmt":"2023-09-06T15:38:45","slug":"rentes-dinvalidite-quebec-demande-dannuler-la-decision-du-tribunal-administratif","status":"publish","type":"post","link":"https:\/\/www.moelleepiniere.com\/en\/2023\/09\/rentes-dinvalidite-quebec-demande-dannuler-la-decision-du-tribunal-administratif\/","title":{"rendered":"Rentes d\u2019invalidit\u00e9 : Qu\u00e9bec demande d\u2019annuler la d\u00e9cision du tribunal administratif"},"content":{"rendered":"\n<p>Des arguments froids et d\u00e9connect\u00e9s des besoins des personnes en situation de handicap de la part du gouvernement!<\/p>\n\n\n\n<p>La contestation de la d\u00e9cision du TAQ reconnaissant le caract\u00e8re discriminatoire de la p\u00e9nalit\u00e9 cons\u00e9cutive \u00e0 une rente d\u2019invalidit\u00e9 all\u00e8gue des arguments qui ignorent compl\u00e8tement la variable humaine derri\u00e8re les prestations d\u2019invalidit\u00e9.<\/p>\n\n\n\n<p>\u00ab&nbsp;Dans sa requ\u00eate, le Procureur g\u00e9n\u00e9ral du Qu\u00e9bec avance plusieurs arguments. Il note que la rente d&#8217;invalidit\u00e9&nbsp;a pour but d&#8217;assurer le risque que repr\u00e9sente l&#8217;incapacit\u00e9 \u00e0 occuper un emploi pendant la p\u00e9riode de la vie active&nbsp;et qu&#8217;elle prend donc fin \u00e0 65&nbsp;ans (\u2026) Il plaide aussi que le R\u00e9gime des rentes du Qu\u00e9bec n&#8217;est pas un r\u00e9gime d&#8217;assistance sociale, mais d&#8217;assurance sociale.&nbsp;\u00bb<\/p>\n\n\n\n<figure class=\"wp-block-image size-large\"><img loading=\"lazy\" width=\"500\" height=\"281\" src=\"https:\/\/www.moelleepiniere.com\/wp-content\/uploads\/2023\/09\/hotel-du-parlement-de-quebec-hiver-jour-neige-soleil-85909-500x281.webp\" alt=\"\" class=\"wp-image-15538\" srcset=\"https:\/\/www.moelleepiniere.com\/wp-content\/uploads\/2023\/09\/hotel-du-parlement-de-quebec-hiver-jour-neige-soleil-85909-500x281.webp 500w, https:\/\/www.moelleepiniere.com\/wp-content\/uploads\/2023\/09\/hotel-du-parlement-de-quebec-hiver-jour-neige-soleil-85909-200x113.webp 200w, https:\/\/www.moelleepiniere.com\/wp-content\/uploads\/2023\/09\/hotel-du-parlement-de-quebec-hiver-jour-neige-soleil-85909-768x432.webp 768w, https:\/\/www.moelleepiniere.com\/wp-content\/uploads\/2023\/09\/hotel-du-parlement-de-quebec-hiver-jour-neige-soleil-85909.webp 1200w\" sizes=\"(max-width: 500px) 100vw, 500px\" \/><\/figure>\n","protected":false},"excerpt":{"rendered":"<p>Des arguments froids et d\u00e9connect\u00e9s des besoins des personnes en situation de handicap de la part du gouvernement! La contestation<\/p>\n","protected":false},"author":7406,"featured_media":0,"comment_status":"closed","ping_status":"open","sticky":false,"template":"","format":"standard","meta":{"_monsterinsights_skip_tracking":false,"_monsterinsights_sitenote_active":false,"_monsterinsights_sitenote_note":"","_monsterinsights_sitenote_category":0},"categories":[34],"tags":[],"_links":{"self":[{"href":"https:\/\/www.moelleepiniere.com\/en\/wp-json\/wp\/v2\/posts\/15537"}],"collection":[{"href":"https:\/\/www.moelleepiniere.com\/en\/wp-json\/wp\/v2\/posts"}],"about":[{"href":"https:\/\/www.moelleepiniere.com\/en\/wp-json\/wp\/v2\/types\/post"}],"author":[{"embeddable":true,"href":"https:\/\/www.moelleepiniere.com\/en\/wp-json\/wp\/v2\/users\/7406"}],"replies":[{"embeddable":true,"href":"https:\/\/www.moelleepiniere.com\/en\/wp-json\/wp\/v2\/comments?post=15537"}],"version-history":[{"count":1,"href":"https:\/\/www.moelleepiniere.com\/en\/wp-json\/wp\/v2\/posts\/15537\/revisions"}],"predecessor-version":[{"id":15539,"href":"https:\/\/www.moelleepiniere.com\/en\/wp-json\/wp\/v2\/posts\/15537\/revisions\/15539"}],"wp:attachment":[{"href":"https:\/\/www.moelleepiniere.com\/en\/wp-json\/wp\/v2\/media?parent=15537"}],"wp:term":[{"taxonomy":"category","embeddable":true,"href":"https:\/\/www.moelleepiniere.com\/en\/wp-json\/wp\/v2\/categories?post=15537"},{"taxonomy":"post_tag","embeddable":true,"href":"https:\/\/www.moelleepiniere.com\/en\/wp-json\/wp\/v2\/tags?post=15537"}],"curies":[{"name":"wp","href":"https:\/\/api.w.org\/{rel}","templated":true}]}}