{"id":15413,"date":"2023-08-23T09:33:58","date_gmt":"2023-08-23T14:33:58","guid":{"rendered":"https:\/\/www.moelleepiniere.com\/?p=15413"},"modified":"2023-08-23T09:40:14","modified_gmt":"2023-08-23T14:40:14","slug":"retraite-quebec-des-pratiques-discriminatoires","status":"publish","type":"post","link":"https:\/\/www.moelleepiniere.com\/en\/2023\/08\/retraite-quebec-des-pratiques-discriminatoires\/","title":{"rendered":"Retraite Qu\u00e9bec : des pratiques discriminatoires"},"content":{"rendered":"\n<p>\u00ab Les personnes en invalidit\u00e9 se retrouvent donc aujourd\u2019hui moins d\u00e9savantag\u00e9es qu\u2019auparavant lorsqu\u2019elles arrivent \u00e0 la retraite mais tout de m\u00eame encore d\u00e9savantag\u00e9es et ce, en raison de leur \u00e9tat de sant\u00e9. (\u2026) ce que le gouvernement pourrait faire de mieux ce serait d\u2019abolir les articles discriminatoires. \u00bb<\/p>\n\n\n\n<p>Pour lire l&#8217;article: <a href=\"https:\/\/en-retrait.com\/retraite-quebec-des-pratiques-discriminatoires-2-2\/\">https:\/\/en-retrait.com\/retraite-quebec-des-pratiques-discriminatoires-2-2\/<\/a><\/p>\n\n\n\n<figure class=\"wp-block-image size-large\"><img loading=\"lazy\" width=\"500\" height=\"307\" src=\"https:\/\/www.moelleepiniere.com\/wp-content\/uploads\/2023\/08\/taq-1024x628-1-500x307.jpg\" alt=\"\" class=\"wp-image-15415\" srcset=\"https:\/\/www.moelleepiniere.com\/wp-content\/uploads\/2023\/08\/taq-1024x628-1-500x307.jpg 500w, https:\/\/www.moelleepiniere.com\/wp-content\/uploads\/2023\/08\/taq-1024x628-1-200x123.jpg 200w, https:\/\/www.moelleepiniere.com\/wp-content\/uploads\/2023\/08\/taq-1024x628-1-768x471.jpg 768w, https:\/\/www.moelleepiniere.com\/wp-content\/uploads\/2023\/08\/taq-1024x628-1.jpg 1024w\" sizes=\"(max-width: 500px) 100vw, 500px\" \/><\/figure>\n","protected":false},"excerpt":{"rendered":"<p>\u00ab Les personnes en invalidit\u00e9 se retrouvent donc aujourd\u2019hui moins d\u00e9savantag\u00e9es qu\u2019auparavant lorsqu\u2019elles arrivent \u00e0 la retraite mais tout de<\/p>\n","protected":false},"author":7406,"featured_media":0,"comment_status":"closed","ping_status":"open","sticky":false,"template":"","format":"standard","meta":{"_monsterinsights_skip_tracking":false,"_monsterinsights_sitenote_active":false,"_monsterinsights_sitenote_note":"","_monsterinsights_sitenote_category":0},"categories":[34],"tags":[],"_links":{"self":[{"href":"https:\/\/www.moelleepiniere.com\/en\/wp-json\/wp\/v2\/posts\/15413"}],"collection":[{"href":"https:\/\/www.moelleepiniere.com\/en\/wp-json\/wp\/v2\/posts"}],"about":[{"href":"https:\/\/www.moelleepiniere.com\/en\/wp-json\/wp\/v2\/types\/post"}],"author":[{"embeddable":true,"href":"https:\/\/www.moelleepiniere.com\/en\/wp-json\/wp\/v2\/users\/7406"}],"replies":[{"embeddable":true,"href":"https:\/\/www.moelleepiniere.com\/en\/wp-json\/wp\/v2\/comments?post=15413"}],"version-history":[{"count":2,"href":"https:\/\/www.moelleepiniere.com\/en\/wp-json\/wp\/v2\/posts\/15413\/revisions"}],"predecessor-version":[{"id":15416,"href":"https:\/\/www.moelleepiniere.com\/en\/wp-json\/wp\/v2\/posts\/15413\/revisions\/15416"}],"wp:attachment":[{"href":"https:\/\/www.moelleepiniere.com\/en\/wp-json\/wp\/v2\/media?parent=15413"}],"wp:term":[{"taxonomy":"category","embeddable":true,"href":"https:\/\/www.moelleepiniere.com\/en\/wp-json\/wp\/v2\/categories?post=15413"},{"taxonomy":"post_tag","embeddable":true,"href":"https:\/\/www.moelleepiniere.com\/en\/wp-json\/wp\/v2\/tags?post=15413"}],"curies":[{"name":"wp","href":"https:\/\/api.w.org\/{rel}","templated":true}]}}