{"id":15040,"date":"2023-05-30T14:25:25","date_gmt":"2023-05-30T19:25:25","guid":{"rendered":"https:\/\/www.moelleepiniere.com\/?p=15040"},"modified":"2023-05-30T14:25:27","modified_gmt":"2023-05-30T19:25:27","slug":"pendant-la-semaine-quebecoise-des-personnes-handicapees-on-parle-stationnements-reserves","status":"publish","type":"post","link":"https:\/\/www.moelleepiniere.com\/en\/2023\/05\/pendant-la-semaine-quebecoise-des-personnes-handicapees-on-parle-stationnements-reserves\/","title":{"rendered":"Pendant la Semaine qu\u00e9b\u00e9coise des personnes handicap\u00e9es, on parle stationnements r\u00e9serv\u00e9s"},"content":{"rendered":"\n<p>MONTR\u00c9AL,&nbsp;le 29 mai 2023&nbsp;\/CNW\/ &#8211; Les journ\u00e9es du 1<sup>er&nbsp;<\/sup>au 7 juin marqueront la tenue de la campagne nationale de sensibilisation&nbsp;<em>Personnes handicap\u00e9es&nbsp;: respectons leurs places de stationnement<\/em>&nbsp;qui se d\u00e9roulera simultan\u00e9ment \u00e0 la Semaine qu\u00e9b\u00e9coise des personnes handicap\u00e9es.<\/p>\n\n\n\n<p>Cette campagne d&#8217;envergure sera l&#8217;occasion pour les milieux communautaire, policier, municipal ainsi que pour la communaut\u00e9 civile de partout au Qu\u00e9bec, de faire comprendre \u00e0 la population que les places de stationnement r\u00e9serv\u00e9es ne sont pas un privil\u00e8ge pour les personnes handicap\u00e9es, mais bien un droit essentiel \u00e0 leur inclusion sociale.<\/p>\n\n\n\n<p>Une utilisation ill\u00e9gale de leurs places de stationnement r\u00e9serv\u00e9es est un probl\u00e8me dont souffrent quotidiennement bien des personnes handicap\u00e9es. Ces stationnements sont n\u00e9cessaires notamment pour des enjeux de s\u00e9curit\u00e9 et d&#8217;accessibilit\u00e9 ainsi que pour esp\u00e9rer la participation active des personnes \u00e0 mobilit\u00e9 r\u00e9duite aux sph\u00e8res sociales \u00e9conomique et civique de la soci\u00e9t\u00e9. Nous esp\u00e9rons que cette campagne positionne l&#8217;enjeu sur la sellette et encourage les diff\u00e9rents paliers gouvernementaux \u00e0 agir.<\/p>\n\n\n\n<p>Trois types d&#8217;actions sont planifi\u00e9es.&nbsp;D&#8217;abord, des patrouilles citoyennes constitu\u00e9es essentiellement de personnes \u00e0 mobilit\u00e9 r\u00e9duite parcourront diff\u00e9rentes r\u00e9gions du Qu\u00e9bec pour remettre des contraventions de courtoisie aux conducteurs ill\u00e9galement stationn\u00e9s dans un espace r\u00e9serv\u00e9. Simultan\u00e9ment seront organis\u00e9es des op\u00e9rations de sensibilisation en collaboration avec des corps policiers r\u00e9gionaux et les services de police ainsi que les agences de stationnements de la province seront invit\u00e9s \u00e0 assurer une vigie particuli\u00e8rement rigoureuse des stationnements r\u00e9serv\u00e9s.<\/p>\n\n\n\n<p>Cette campagne est une initiative de M\u00c9MO-Qc et est r\u00e9alis\u00e9e avec la pr\u00e9cieuse collaboration du Comit\u00e9 d&#8217;action des personnes vivant des situations de handicap (<strong>CAPVISH<\/strong>) \u00e0 Qu\u00e9bec, de l&#8217;Association des directeurs de police du Qu\u00e9bec (<strong>ADPQ<\/strong>) ainsi que&nbsp;<strong>des<\/strong>&nbsp;<strong>services de police de Montr\u00e9al, de&nbsp;Laval&nbsp;et de Qu\u00e9bec<\/strong>.<\/p>\n\n\n\n<p>Elle re\u00e7oit l&#8217;appui de plusieurs organismes et municipalit\u00e9s dont:<\/p>\n\n\n\n<ul><li><strong>\u00c0 Montr\u00e9al<\/strong>&nbsp;: Action Femmes et handicap, l&#8217;AIM CROIT (Association Internationale des Machinistes et des Travailleurs et Travailleuses de L&#8217;A\u00e9rospatiale), Association Multi-Ethnique Pour L&#8217;Int\u00e9gration des Personnes Handicap\u00e9es Du Qu\u00e9bec, le Centre communautaire&nbsp;Radisson, D\u00e9fPhys Sans Limite, Ex aequo, L&#8217;Institut national pour l&#8217;\u00c9quit\u00e9, l&#8217;\u00c9galit\u00e9 et l&#8217;Inclusion des personnes en situation de handicap, le Regroupement des aveugles et amblyopes du Montr\u00e9al m\u00e9tropolitain, le Regroupement des organismes sp\u00e9cialis\u00e9s pour l&#8217;emploi des personnes handicap\u00e9es et le Regroupement des Usagers du Transport Adapt\u00e9 et accessible de l&#8217;\u00eele de Montr\u00e9al;<\/li><li><strong>\u00c0&nbsp;Longueuil<\/strong>&nbsp;: le Groupement des Associations de Personnes Handicap\u00e9es de la Rive Sud;&nbsp;<strong>\u00c0 Trois-Rivi\u00e8res<\/strong>&nbsp;: Bail Mauricie;<\/li><li><strong>\u00c0 Qu\u00e9bec<\/strong>&nbsp;: le Carrefour Familial des Personnes Handicap\u00e9es;<\/li><li><strong>\u00c0&nbsp;Granby<\/strong>&nbsp;: la Dynamique des Handicap\u00e9s de&nbsp;Granby&nbsp;et R\u00e9gion. De m\u00eame,&nbsp;<strong>la ville<\/strong>&nbsp;<strong>de Saguenay<\/strong>&nbsp;ainsi que&nbsp;<strong>les&nbsp;<\/strong><strong>services de police des villes de Trois-Rivi\u00e8res, de&nbsp;Longueuil, de&nbsp;Granby, du Saguenay et de Roussillon&nbsp;<\/strong>participeront.<\/li><\/ul>\n\n\n\n<p>MEMO-QC invite la population et les organismes de l&#8217;ensemble du Qu\u00e9bec \u00e0 participer \u00e0 la campagne en cours! Pour obtenir plus d&#8217;informations ou pour recevoir le mat\u00e9riel de sensibilisation, contactez-nous au 1&nbsp;877-341-7272 ou par courriel au&nbsp;<a href=\"mailto:agrenonfortin@moelleepiniere.com\" rel=\"noreferrer noopener\" target=\"_blank\">agrenonfortin@moelleepiniere.com<\/a>.<\/p>\n\n\n\n<p>De m\u00eame, dans l&#8217;attente du 1<sup>er<\/sup>&nbsp;juin, nous vous invitons \u00e0 prendre 3 minutes pour visionner notre vid\u00e9o de sensibilisation, \u00ab&nbsp;Juste 2 minutes&nbsp;\u00bb&nbsp;:&nbsp;<a href=\"https:\/\/c212.net\/c\/link\/?t=0&amp;l=fr&amp;o=3877494-1&amp;h=2170407164&amp;u=https%3A%2F%2Fwww.youtube.com%2Fwatch%3Fv%3DVNlan3tV-Cs&amp;a=https%3A%2F%2Fwww.youtube.com%2Fwatch%3Fv%3DVNlan3tV-Cs\" rel=\"noreferrer noopener\" target=\"_blank\">https:\/\/www.youtube.com\/watch?v=VNlan3tV-Cs<\/a><\/p>\n\n\n\n<p><strong>\u00c0 propos de Moelle \u00e9pini\u00e8re et motricit\u00e9 Qu\u00e9bec<br \/><\/strong><em>M\u00c9MO-QC m\u00e8ne ce type de campagne presque annuellement depuis les ann\u00e9es 80. Il s&#8217;agit d&#8217;un organisme \u00e0 but non lucratif fond\u00e9 en 1946 afin de favoriser l&#8217;autonomie et am\u00e9liorer la qualit\u00e9 de vie des personnes vivant avec un handicap. L&#8217;organisme intervient pour faciliter l&#8217;int\u00e9gration sociale des personnes ayant une l\u00e9sion \u00e0 la moelle \u00e9pini\u00e8re, faire la promotion de leurs droits et soutenir la recherche. Il vise \u00e9galement le d\u00e9veloppement de l&#8217;employabilit\u00e9 des personnes ayant des limitations physiques et neurologiques.<\/em><\/p>\n\n\n\n<p>SOURCE Moelle \u00e9pini\u00e8re et motricit\u00e9 Qu\u00e9bec<\/p>\n\n\n\n<p>Renseignements: Anabelle Grenon Fortin, organisatrice communautaire volet d\u00e9fense des droits,&nbsp;agrenonfortin@moelleepiniere.com, (514) 341 7272 Poste 219; Walter Zelaya, directeur g\u00e9n\u00e9ral,&nbsp;wzelaya@moelleepiniere.com, (514) 341 7272 Poste 220<\/p>\n\n\n\n<figure class=\"wp-block-image\"><img src=\"https:\/\/rt.newswire.ca\/rt.gif?NewsItemId=C4652&amp;Transmission_Id=202305290600CANADANWCANADAPF_C4652&amp;DateId=20230529\" alt=\"\"\/><\/figure>\n","protected":false},"excerpt":{"rendered":"<p>MONTR\u00c9AL,&nbsp;le 29 mai 2023&nbsp;\/CNW\/ &#8211; Les journ\u00e9es du 1er&nbsp;au 7 juin marqueront la tenue de la campagne nationale de sensibilisation&nbsp;Personnes<\/p>\n","protected":false},"author":7406,"featured_media":0,"comment_status":"closed","ping_status":"open","sticky":false,"template":"","format":"standard","meta":{"_monsterinsights_skip_tracking":false,"_monsterinsights_sitenote_active":false,"_monsterinsights_sitenote_note":"","_monsterinsights_sitenote_category":0},"categories":[34],"tags":[],"_links":{"self":[{"href":"https:\/\/www.moelleepiniere.com\/en\/wp-json\/wp\/v2\/posts\/15040"}],"collection":[{"href":"https:\/\/www.moelleepiniere.com\/en\/wp-json\/wp\/v2\/posts"}],"about":[{"href":"https:\/\/www.moelleepiniere.com\/en\/wp-json\/wp\/v2\/types\/post"}],"author":[{"embeddable":true,"href":"https:\/\/www.moelleepiniere.com\/en\/wp-json\/wp\/v2\/users\/7406"}],"replies":[{"embeddable":true,"href":"https:\/\/www.moelleepiniere.com\/en\/wp-json\/wp\/v2\/comments?post=15040"}],"version-history":[{"count":1,"href":"https:\/\/www.moelleepiniere.com\/en\/wp-json\/wp\/v2\/posts\/15040\/revisions"}],"predecessor-version":[{"id":15041,"href":"https:\/\/www.moelleepiniere.com\/en\/wp-json\/wp\/v2\/posts\/15040\/revisions\/15041"}],"wp:attachment":[{"href":"https:\/\/www.moelleepiniere.com\/en\/wp-json\/wp\/v2\/media?parent=15040"}],"wp:term":[{"taxonomy":"category","embeddable":true,"href":"https:\/\/www.moelleepiniere.com\/en\/wp-json\/wp\/v2\/categories?post=15040"},{"taxonomy":"post_tag","embeddable":true,"href":"https:\/\/www.moelleepiniere.com\/en\/wp-json\/wp\/v2\/tags?post=15040"}],"curies":[{"name":"wp","href":"https:\/\/api.w.org\/{rel}","templated":true}]}}